{"id":954,"date":"2012-07-01T09:04:16","date_gmt":"2012-07-01T08:04:16","guid":{"rendered":"http:\/\/www.mszporoszlany.hu\/?p=954"},"modified":"2012-07-02T10:46:15","modified_gmt":"2012-07-02T09:46:15","slug":"beszamithato-varosvezetok","status":"publish","type":"post","link":"https:\/\/www.mszporoszlany.hu\/?p=954","title":{"rendered":"Besz\u00e1m\u00edthat\u00f3 v\u00e1rosvezet\u0151k"},"content":{"rendered":"<p><img loading=\"lazy\" decoding=\"async\" class=\"alignleft size-full wp-image-955\" title=\"biztonsag\" src=\"https:\/\/www.mszporoszlany.hu\/wp-content\/uploads\/2012\/07\/biztonsag.jpg\" alt=\"\" width=\"200\" height=\"120\" \/>V\u00e1g\u00f3 G\u00e1bor (LMP) szerint a j\u00f6v\u0151 \u00e9vi b\u00fcdzs\u00e9 a bizonytalans\u00e1g \u00e9s a kisz\u00e1m\u00edthatatlans\u00e1g k\u00f6lts\u00e9gvet\u00e9se lesz. \u00dagy fogalmazott: &#8222;kisz\u00e1m\u00edthat\u00f3 gazdas\u00e1gpolitika csak besz\u00e1m\u00edthat\u00f3 vezet\u0151kkel&#8221; k\u00e9pzelhet\u0151 el, \u00e9s ebben teljesen igaza van.<\/p>\n<p><!--more--><br \/>\nDe, hogy ne csak a k\u00f6lts\u00e9gvet\u00e9sr\u0151l besz\u00e9lj\u00fcnk a besz\u00e1m\u00edthat\u00f3s\u00e1ggal kapcsolatban, \u00edme az ut\u00f3bbi id\u0151szak k\u00e9t h\u00edre:<\/p>\n<p>\u201e<em>Csaknem tot\u00e1lis internet-korl\u00e1toz\u00e1st l\u00e9ptetett \u00e9letbe nemr\u00e9giben Becsyn\u00e9 dr. Szab\u00f3 M\u00e1rta gyulai c\u00edmzetes f\u0151jegyz\u0151 a v\u00e1rosh\u00e1za t\u00f6bb mint sz\u00e1z dolgoz\u00f3j\u00e1n\u00e1l. Tiszta k\u00f6z\u00e9pkor \u2013 olvashat\u00f3 a N\u00e9pszabads\u00e1g online oldal\u00e1n. Minden \u00fagy kezd\u0151d\u00f6tt, hogy a gyulai v\u00e1rosh\u00e1za g\u00e9peit kiszolg\u00e1l\u00f3 szerverr\u0151l n\u00e9h\u00e1ny h\u00f3nappal ezel\u0151tt letiltott\u00e1k az ellenz\u00e9kinek tartott honlapok el\u00e9rhet\u0151s\u00e9g\u00e9t \u2013 tudta meg a N\u00e9pszava t\u00f6bb, egym\u00e1st\u00f3l f\u00fcggetlen forr\u00e1sb\u00f3l. Mindannyian a gyulai \u00f6nkorm\u00e1nyzatn\u00e1l dolgoznak, vagy k\u00f6zvetlen rokonaik keresik ott a kenyer\u00fcket. Nev\u00fcket, \u00e9rthet\u0151 okok miatt, nem v\u00e1llalt\u00e1k. A letiltott m\u00e9diumok k\u00f6z\u00e9 tartozott elmond\u00e1suk szerint az Index.hu, az Origo.hu, a Nol.hu, a Nepszava.hu, a 168ora.hu, a Hvg.hu \u00e9s a Magyarnarancs.hu. Az nem der\u00fclt ki, hogy ezeket a port\u00e1lokat kik \u00e9s milyen szempontrendszer szerint \u00edt\u00e9lt\u00e9k &#8222;ellenz\u00e9kinek&#8221;, s tiltott\u00e1k le el\u00e9rhet\u0151s\u00e9g\u00fcket. Ez volt az els\u0151 l\u00e9p\u00e9s, amelyet az id\u00e9n j\u00fanius k\u00f6zep\u00e9n k\u00f6vetett a m\u00e1sodik. <\/em><\/p>\n<p>Becsyn\u00e9 dr. Szab\u00f3 M\u00e1rta (aki k\u00f6r\u00f6sztanyja G\u00f6rg\u00e9nyi Ern\u0151 fideszes polg\u00e1rmesternek) jegyz\u0151i utas\u00edt\u00e1s\u00e1ban az olvashat\u00f3: &#8222;a munkaid\u0151 elv\u00e1rhat\u00f3 kit\u00f6lt\u00e9s\u00e9nek ellen\u0151rz\u00e9se sor\u00e1n meg\u00e1llap\u00edtottam, hogy a dolgoz\u00f3k nagy r\u00e9sze esetenk\u00e9nt t\u00f6bb \u00f3r\u00e1t t\u00f6lt munkak\u00f6r\u00e9be nem tartoz\u00f3 tev\u00e9kenys\u00e9ggel.&#8221; Ez\u00e9rt utas\u00edt\u00e1sba adta, hogy &#8222;azon munkak\u00f6r\u00f6k kiv\u00e9tel\u00e9vel, melyekhez tartoz\u00f3 feladataell\u00e1t\u00e1s sor\u00e1n elengedhetetlen az internet haszn\u00e1lata, minden sz\u00e1m\u00edt\u00f3g\u00e9pr\u0151l letilt\u00e1sra ker\u00fcl az internet.&#8221; A rendelkez\u00e9s csup\u00e1n egy kiskaput hagy. Eszerint &#8222;kijel\u00f6l\u00e9sre ker\u00fcl a k\u00e9pvisel\u0151i irod\u00e1ban egy internethaszn\u00e1latot biztos\u00edt\u00f3 sz\u00e1m\u00edt\u00f3g\u00e9p, mely tov\u00e1bbra is lehet\u0151s\u00e9get ad az esetleges feladatell\u00e1t\u00e1shoz sz\u00fcks\u00e9ges internet haszn\u00e1lat\u00e1ra.&#8221; Hogy ezek ut\u00e1n ki \u00e9l a felk\u00edn\u00e1lt lehet\u0151s\u00e9ggel, igen k\u00e9rd\u00e9ses. F\u0151k\u00e9nt azut\u00e1n, hogy a jegyz\u0151 k\u00e9rt minden oszt\u00e1lyvezet\u0151t, hogy beosztottjaikkal \u00edrass\u00e1k al\u00e1 utas\u00edt\u00e1s\u00e1t.\u201d<\/p>\n<p>De van enn\u00e9l jobb is:<\/p>\n<p>116 \u00fcgyet t\u00e1rtak fel \u00e9s ezek alapj\u00e1n 77 feljelent\u00e9st tettek Miskolcon a szocialist\u00e1k k\u00fcl\u00f6nb\u00f6z\u0151 vissza\u00e9l\u00e9sek kapcs\u00e1n. Mindezekr\u0151l Simon G\u00e1bor MSZP-s orsz\u00e1ggy\u0171l\u00e9si k\u00e9pvisel\u0151 besz\u00e9lt az ATV Egyenes Besz\u00e9d c\u00edm\u0171 m\u0171sor\u00e1ban. A k\u00e9pvisel\u0151 \u2013 t\u00f6bbek k\u00f6z\u00f6tt &#8211; arr\u00f3l is besz\u00e1molt, hogy a k\u00f6zelm\u00faltban, mintegy m\u00e1sf\u00e9l h\u00f3napja \u201en\u00e9h\u00e1ny villanyszerel\u0151 \u00far megjelent az \u00f6nkorm\u00e1nyzati c\u00e9gekn\u00e9l, volt, amikor nem is h\u00e9tv\u00e9g\u00e9n, hanem h\u00e9tk\u00f6znap \u00e9s hazak\u00fcldt\u00e9k a dolgoz\u00f3kat, mondv\u00e1n, hogy itt komoly villanyszerel\u00e9si munka fog folyni. Azt k\u00e9rt\u00e9k az irod\u00e1ban mindenkit\u0151l, hogy a sz\u00e1m\u00edt\u00f3g\u00e9peket hagyj\u00e1k bekapcsolva, hiszen megfelel\u0151 v\u00edrusirt\u00e1snak \u00e9s egy\u00e9b dolgoknak kell bek\u00f6vetkeznie\u201d- sz\u00e1molt be a politikus, aki szerint ezt k\u00f6vet\u0151en fut\u00f3t\u0171zk\u00e9nt terjedt el a v\u00e1rosban, hogy az \u00f6nkorm\u00e1nyzati c\u00e9gek sz\u00e1m\u00edt\u00f3g\u00e9peire k\u00e9mprogramokat telep\u00edtettek, ami a levelez\u00e9seket, de m\u00e9g a billenty\u0171k le\u00fct\u00e9s\u00e9t is jelenti. Igaz, Simon nem jelentette ki a m\u0171sorban, hogy t\u00e9nylegesen k\u00e9mprogramokat telep\u00edtettek, de elmondta, hogy a megf\u00e9leml\u00edt\u00e9s eredm\u00e9nye egy vid\u00e9ki v\u00e1rosban \u2013 pl\u00e1ne egy olyanban, mint Miskolc, ahol nem egyszer\u0171 munk\u00e1hoz jutni -, hogy akinek van egy megb\u00edzhat\u00f3 \u00e1ll\u00e1sa, ahol \u00e1ltal\u00e1ban fizet\u00e9st is kap, az ink\u00e1bb nem tiltakozik vehemensen.<\/p>\n<p>Na, ezt most azt\u00e1n em\u00e9szthetik a \u201ezemberek\u201d!<\/p>\n","protected":false},"excerpt":{"rendered":"<p>V\u00e1g\u00f3 G\u00e1bor (LMP) szerint a j\u00f6v\u0151 \u00e9vi b\u00fcdzs\u00e9 a bizonytalans\u00e1g \u00e9s a kisz\u00e1m\u00edthatatlans\u00e1g k\u00f6lts\u00e9gvet\u00e9se lesz. \u00dagy fogalmazott: &#8222;kisz\u00e1m\u00edthat\u00f3 gazdas\u00e1gpolitika csak besz\u00e1m\u00edthat\u00f3 vezet\u0151kkel&#8221; k\u00e9pzelhet\u0151 el, \u00e9s ebben teljesen igaza van. <a href=\"https:\/\/www.mszporoszlany.hu\/?p=954\">Egy kattint\u00e1s ide a folytat\u00e1shoz&#8230;. <span class=\"meta-nav\">&rarr;<\/span><\/a><\/p>\n","protected":false},"author":35,"featured_media":0,"comment_status":"open","ping_status":"closed","sticky":false,"template":"","format":"standard","meta":{"footnotes":""},"categories":[196],"tags":[454,432,447,438,456,457,301,450,446,153,455,448,449,453,452,451,458,445],"class_list":["post-954","post","type-post","status-publish","format-standard","hentry","category-magyarorszag","tag-168ora-hu","tag-atv","tag-becsyne-dr-szabo-marta","tag-egyenes-beszed","tag-ellenzeki","tag-gorgenyi-erno","tag-hvg-hu","tag-index-hu","tag-internet-korlatozas","tag-lmp","tag-magyarnarancs-hu","tag-nepszabadsag-online","tag-nepszava","tag-nepszava-hu","tag-nol-hu","tag-origo-hu","tag-simon-gabor","tag-vago-gabor"],"_links":{"self":[{"href":"https:\/\/www.mszporoszlany.hu\/index.php?rest_route=\/wp\/v2\/posts\/954","targetHints":{"allow":["GET"]}}],"collection":[{"href":"https:\/\/www.mszporoszlany.hu\/index.php?rest_route=\/wp\/v2\/posts"}],"about":[{"href":"https:\/\/www.mszporoszlany.hu\/index.php?rest_route=\/wp\/v2\/types\/post"}],"author":[{"embeddable":true,"href":"https:\/\/www.mszporoszlany.hu\/index.php?rest_route=\/wp\/v2\/users\/35"}],"replies":[{"embeddable":true,"href":"https:\/\/www.mszporoszlany.hu\/index.php?rest_route=%2Fwp%2Fv2%2Fcomments&post=954"}],"version-history":[{"count":0,"href":"https:\/\/www.mszporoszlany.hu\/index.php?rest_route=\/wp\/v2\/posts\/954\/revisions"}],"wp:attachment":[{"href":"https:\/\/www.mszporoszlany.hu\/index.php?rest_route=%2Fwp%2Fv2%2Fmedia&parent=954"}],"wp:term":[{"taxonomy":"category","embeddable":true,"href":"https:\/\/www.mszporoszlany.hu\/index.php?rest_route=%2Fwp%2Fv2%2Fcategories&post=954"},{"taxonomy":"post_tag","embeddable":true,"href":"https:\/\/www.mszporoszlany.hu\/index.php?rest_route=%2Fwp%2Fv2%2Ftags&post=954"}],"curies":[{"name":"wp","href":"https:\/\/api.w.org\/{rel}","templated":true}]}}