{"id":958,"date":"2012-07-02T09:19:53","date_gmt":"2012-07-02T08:19:53","guid":{"rendered":"http:\/\/www.mszporoszlany.hu\/?p=958"},"modified":"2012-07-02T10:45:52","modified_gmt":"2012-07-02T09:45:52","slug":"analogiak-ellentmondasok","status":"publish","type":"post","link":"https:\/\/www.mszporoszlany.hu\/?p=958","title":{"rendered":"Anal\u00f3gi\u00e1k, ellentmond\u00e1sok"},"content":{"rendered":"<p><img loading=\"lazy\" decoding=\"async\" class=\"alignleft size-full wp-image-959\" title=\"analogia\" src=\"https:\/\/www.mszporoszlany.hu\/wp-content\/uploads\/2012\/07\/analogia.jpg\" alt=\"\" width=\"200\" height=\"120\" \/>Lassan megszokjuk, hogy a \u201ek\u00e9tharmadosokn\u00e1l\u201d nem minden ugyanaz. N\u00e1luk nem sz\u00e1m\u00edt, hogy nemcsak reggel, d\u00e9lben \u00e9s este, hanem d\u00e9lel\u0151tt, d\u00e9lut\u00e1n \u00e9s \u00e9jszaka is f\u00fcllentenek. Magyarkodnak, de sz\u00f3k\u00e9pekben, r\u00e9buszokban besz\u00e9lnek, amit \u00e9rt\u00fcnk vagy nem. Semmi sem az, ami. Legink\u00e1bb t\u00fcnd\u00e9rmese.<\/p>\n<p><!--more--><\/p>\n<p>A mai id\u0151kben nincs sz\u00e9kh\u00e1zostrom, pedig nagyon sokan \u201erosszabbul \u00e9lnek\u201d, mint k\u00e9t \u00e9vvel ezel\u0151tt, nincs t\u00e9rfoglal\u00e1s, nem l\u00e1ttam mostan\u00e1ban traktorokat a H\u0151s\u00f6k ter\u00e9n, nincsenek utcai harcok, randal\u00edroz\u00e1s, csak b\u00e9k\u00e9s t\u00fcntet\u00e9sek annak ellen\u00e9re, hogy n\u0151 az el\u00e9gedetlens\u00e9g \u00e9s a k\u00f6zv\u00e9lem\u00e9ny kutat\u00e1sok szerint rossz ir\u00e1nyba mennek a dolgaink.<\/p>\n<p>A propaganda szerint javul a k\u00f6zbiztons\u00e1g, amit nem \u00e9rz\u00fcnk, csak azt tapasztaljuk, hogy csib\u00e9szek egym\u00e1ssal int\u00e9zik a sz\u00e1ml\u00e1t, s egyre t\u00f6bb kiszolg\u00e1ltatott ember esik \u00e1ldozatul a csal\u00f3knak, rabl\u00f3knak. Cs\u00f6kken a demokr\u00e1cia szintje, a sajt\u00f3 \u00f6ncenz\u00far\u00e1zza mag\u00e1t, a k\u00f6zt\u00e9v\u00e9 n\u00e9zhetetlen, uralkodik a m\u00e9diatan\u00e1cs, sanyargatj\u00e1k a Klubr\u00e1di\u00f3t, t\u00f6rv\u00e9nygy\u00e1r lett az orsz\u00e1ggy\u0171l\u00e9s, a jogban m\u00e1r az Isten sem ismeri ki mag\u00e1t. \u00c1tszervez\u0151d\u00f6tt az eg\u00e9szs\u00e9g\u00fcgy, amibe lassan, de biztosan belehalunk, de mi v\u00e9gtelen t\u00fcrelemmel viselj\u00fck a 2010-es v\u00e1laszt\u00e1sok k\u00f6vetkezm\u00e9nyeit.<\/p>\n<p>A minap a megyei k\u00f6zgy\u0171l\u00e9sen t\u00e1j\u00e9koztat\u00f3t tartott a megyei eln\u00f6kb\u0151l lett \u00e1llamtitk\u00e1r egyik szak\u00e9rt\u0151je, nevezetesen, hogy milyen gy\u00fcm\u00f6lcs\u00f6z\u0151en alakulnak a k\u00f6z\u00fatfejleszt\u00e9si tervek szlov\u00e1k szomsz\u00e9dunkkal. Megjegyzem: benn\u00fcnket jobban \u00e9rdekelt volna a megyei k\u00f6z\u00f6ss\u00e9gi k\u00f6zleked\u00e9s j\u00f6v\u0151je, \u00fcgyei, a megyei \u00fath\u00e1l\u00f3zat fel\u00faj\u00edt\u00e1sa, \u00e9p\u00edt\u00e9se. Sok \u00faj h\u00edd lesz, meg sz\u00e9lesebb \u00fat, amelyen majd megn\u0151het a forgalom, mivel ezt elemi er\u0151vel k\u00f6veteli a kor szelleme.<\/p>\n<p>Elk\u00e9pzeltem, hogy milyen boldogok lehetnek a szlov\u00e1kok, amikor nagy Magyarorsz\u00e1g \u00f6ntapad\u00f3s matric\u00e1val a kocsij\u00e1n be\u00e1ll\u00edt a t\u00e1rgyal\u00f3 f\u00e9l, \u00e9s a korm\u00e1nyok viszony\u00e1t\u00f3l f\u00fcggetlen\u00fcl egym\u00e1s nyak\u00e1ba borulva keret-meg\u00e1llapod\u00e1st k\u00f6tnek a k\u00f6z\u00fath\u00e1l\u00f3zat fejleszt\u00e9s\u00e9re egy pillanatra elfeledve a Trianon-eml\u00e9km\u0171veket, vagy a szlov\u00e1k nyelvt\u00f6rv\u00e9nyt, a Bene\u0161 dekr\u00e9tumokat, vagy felvid\u00e9ki k\u00f6vetel\u00e9seket, k\u00f6lcs\u00f6n\u00f6s s\u00e9relmeket, merthogy mindketten az Eur\u00f3pai Uni\u00f3 tagjai vagyunk. V\u00e9lem\u00e9nyem szerint \u00e1ls\u00e1gos mindent rendben l\u00e9v\u0151nek be\u00e1ll\u00edtani, amikor egyes jelens\u00e9gekb\u0151l \u00fagy t\u0171nik, hogy er\u0151s\u00f6dik a nacionalizmus.<\/p>\n<p>A f\u00e9lelem is bek\u00f6lt\u00f6z\u00f6tt az \u00e9let\u00fcnkbe, a lelk\u00fcnkbe. Belop\u00f3dzott, besunnyogott, bek\u00faszott, mintha ism\u00e9tl\u0151dne a t\u00f6rt\u00e9nelem. A t\u00f6rt\u00e9nelemnek csak az a r\u00e9sze \u00e9rdekes, ami, ha hamis\u00edtva is, de \u00f6nigazol\u00e1sra alkalmas. Gondolkodjunk, ne hagyjuk magunkat h\u00fcly\u00edteni, t\u00e1j\u00e9koz\u00f3djunk, miel\u0151tt d\u00f6nt\u00e9seket hozunk. Ezt a st\u00edlust, retorik\u00e1t, k\u00f6z\u00e9leti manipul\u00e1ci\u00f3t ne szokjuk meg, ne fogadjuk el!<\/p>\n","protected":false},"excerpt":{"rendered":"<p>Lassan megszokjuk, hogy a \u201ek\u00e9tharmadosokn\u00e1l\u201d nem minden ugyanaz. N\u00e1luk nem sz\u00e1m\u00edt, hogy nemcsak reggel, d\u00e9lben \u00e9s este, hanem d\u00e9lel\u0151tt, d\u00e9lut\u00e1n \u00e9s \u00e9jszaka is f\u00fcllentenek. Magyarkodnak, de sz\u00f3k\u00e9pekben, r\u00e9buszokban besz\u00e9lnek, amit \u00e9rt\u00fcnk vagy nem. Semmi sem az, ami. Legink\u00e1bb t\u00fcnd\u00e9rmese. <a href=\"https:\/\/www.mszporoszlany.hu\/?p=958\">Egy kattint\u00e1s ide a folytat\u00e1shoz&#8230;. <span class=\"meta-nav\">&rarr;<\/span><\/a><\/p>\n","protected":false},"author":35,"featured_media":0,"comment_status":"open","ping_status":"closed","sticky":false,"template":"","format":"standard","meta":{"footnotes":""},"categories":[1,196],"tags":[470,334,459,467,465,460,466,462,468,463,469,461,464],"class_list":["post-958","post","type-post","status-publish","format-standard","hentry","category-egyeb","category-magyarorszag","tag-benes-dekretumok","tag-europai-unio","tag-ketharmadosok","tag-klubradio","tag-kozbiztonsag","tag-magyarkod","tag-oncenzura","tag-terfoglalas","tag-torvenygyar","tag-traktorok","tag-trianon-emlekmu","tag-tundermese","tag-utcai-harcok"],"_links":{"self":[{"href":"https:\/\/www.mszporoszlany.hu\/index.php?rest_route=\/wp\/v2\/posts\/958","targetHints":{"allow":["GET"]}}],"collection":[{"href":"https:\/\/www.mszporoszlany.hu\/index.php?rest_route=\/wp\/v2\/posts"}],"about":[{"href":"https:\/\/www.mszporoszlany.hu\/index.php?rest_route=\/wp\/v2\/types\/post"}],"author":[{"embeddable":true,"href":"https:\/\/www.mszporoszlany.hu\/index.php?rest_route=\/wp\/v2\/users\/35"}],"replies":[{"embeddable":true,"href":"https:\/\/www.mszporoszlany.hu\/index.php?rest_route=%2Fwp%2Fv2%2Fcomments&post=958"}],"version-history":[{"count":0,"href":"https:\/\/www.mszporoszlany.hu\/index.php?rest_route=\/wp\/v2\/posts\/958\/revisions"}],"wp:attachment":[{"href":"https:\/\/www.mszporoszlany.hu\/index.php?rest_route=%2Fwp%2Fv2%2Fmedia&parent=958"}],"wp:term":[{"taxonomy":"category","embeddable":true,"href":"https:\/\/www.mszporoszlany.hu\/index.php?rest_route=%2Fwp%2Fv2%2Fcategories&post=958"},{"taxonomy":"post_tag","embeddable":true,"href":"https:\/\/www.mszporoszlany.hu\/index.php?rest_route=%2Fwp%2Fv2%2Ftags&post=958"}],"curies":[{"name":"wp","href":"https:\/\/api.w.org\/{rel}","templated":true}]}}