{"id":965,"date":"2012-07-04T23:26:30","date_gmt":"2012-07-04T22:26:30","guid":{"rendered":"http:\/\/www.mszporoszlany.hu\/?p=965"},"modified":"2012-07-04T23:26:30","modified_gmt":"2012-07-04T22:26:30","slug":"vezer-a-nephez","status":"publish","type":"post","link":"https:\/\/www.mszporoszlany.hu\/?p=965","title":{"rendered":"Vez\u00e9r a n\u00e9phez"},"content":{"rendered":"<p><img loading=\"lazy\" decoding=\"async\" class=\"alignleft size-full wp-image-966\" title=\"OrbanViktor\" src=\"https:\/\/www.mszporoszlany.hu\/wp-content\/uploads\/2012\/07\/OrbanViktor.jpg\" alt=\"\" width=\"200\" height=\"120\" \/>Orb\u00e1n Viktor a parlamentben: K\u00f6sz\u00f6net Magyarorsz\u00e1g \u00e1llampolg\u00e1rainak, hogy \u00edgy, egy\u00fctt, eljuthattunk id\u00e1ig. \u00c1lmainkban sem gondoltuk, hogy van ilyen birka n\u00e9p, aki elt\u0171ri azt, hogy milli\u00e1rdokat kifizess\u00fcnk Pint\u00e9r Sanyi, Nyerges Zsolt \u00e9s a Simicska c\u00e9geinek. Megmondom \u0151szint\u00e9n a mag\u00e1nnyugd\u00edjakn\u00e1l egy kicsit f\u00e9ltem, mert annak idej\u00e9n a 300 Ft-os vizitd\u00edj\u00e9rt majdnem l\u00e1ngba borult az eg\u00e9sz orsz\u00e1g, de ezt a 3000 milli\u00e1rdot is siker\u00fclt elvenn\u00fcnk.<\/p>\n<p><!--more--><\/p>\n<p>Kedves v\u00e1laszt\u00f3k! Nem gy\u0151z\u00f6k h\u00e1l\u00e1lkodni az\u00e9rt, hogy t\u00e9tlen\u00fcl n\u00e9zt\u00e9k, ahogy a gazdas\u00e1got \u00e9s a demokr\u00e1ci\u00e1t le\u00e9p\u00edtem. Fontos volt az \u00f6sszpontos\u00edt\u00e1s, hiszen a Fideszhez k\u00f6zel \u00e1ll\u00f3 gazdas\u00e1gi k\u00f6r\u00f6k hossz\u00fa t\u00e1von akarnak meg\u00e9lni az orsz\u00e1gb\u00f3l nekik n\u00e9gy \u00e9v nem t\u00e9tel, ez\u00e9rt minden igazgat\u00e1si szintre be\u00fcltettem a saj\u00e1t emberem. Ezeket a kinevez\u00e9seket megel\u0151zte egy k\u00eds\u00e9rlet, de miut\u00e1n l\u00e1ttam, hogy azon sem h\u00f6rd\u00fcl fel a n\u00e9p, hogy egy helyes\u00edr\u00e1ssal hadil\u00e1bon \u00e1ll\u00f3, plagiz\u00e1l\u00f3 csal\u00f3 a k\u00f6zt\u00e1rsas\u00e1gi eln\u00f6k beindulhatott a g\u00e9pezet. \u00cdgy lett Sz\u00e1jer feles\u00e9g\u00e9b\u0151l a b\u00edr\u00f3s\u00e1gok vezet\u0151je, \u00c1derb\u0151l k\u00f6zt\u00e1rsas\u00e1gi eln\u00f6k, Polt P\u00e9terb\u0151l legfels\u0151bb \u00fcgy\u00e9sz \u00e9s \u00edgy tov\u00e1bb. Kor\u00e1bban m\u00e1r mondtam azt, hogy igyeksz\u00fcnk megk\u00f6tni a k\u00f6vetkez\u0151 korm\u00e1nyok kez\u00e9t is. Ennek a munk\u00e1nak az oroszl\u00e1nr\u00e9sze most j\u00f6n.<\/p>\n<p>Titkos\u00edtani fogjuk a szerz\u0151d\u00e9seket mondjuk 80 \u00e9vre, hogy a kifizet\u00e9sek folyhassanak tov\u00e1bb, 2014. ut\u00e1n is. Addig Budai Gyula majd elsim\u00edtja a f\u00f6ldmutyikat \u00e9s fel\u00e9p\u00fclnek a stadionok is. Meg hi\u00e1ba szervezik a szakszervezetis t\u00fcntet\u00e9seket, az \u00faj munkat\u00f6rv\u00e9nyk\u00f6nyv\u00e9t v\u00e9g\u00fcl csak al\u00e1\u00edrt\u00e1k a szakszervezetek is! Cirkusz van, keny\u00e9r meg nem lesz, de tudom, hogy nekem ezt is eln\u00e9zik!<\/p>\n<p>M\u00e9g egyszer meg szeretn\u00e9m k\u00f6sz\u00f6nni azt, hogy az elm\u00falt k\u00e9t \u00e9v alatt semmit nem tettek, \u00e9s k\u00e9rem m\u00e9g k\u00e9t \u00e9vig a t\u00e9tlen bambul\u00e1sukat!<\/p>\n","protected":false},"excerpt":{"rendered":"<p>Orb\u00e1n Viktor a parlamentben: K\u00f6sz\u00f6net Magyarorsz\u00e1g \u00e1llampolg\u00e1rainak, hogy \u00edgy, egy\u00fctt, eljuthattunk id\u00e1ig. \u00c1lmainkban sem gondoltuk, hogy van ilyen birka n\u00e9p, aki elt\u0171ri azt, hogy milli\u00e1rdokat kifizess\u00fcnk Pint\u00e9r Sanyi, Nyerges Zsolt \u00e9s a Simicska c\u00e9geinek. Megmondom \u0151szint\u00e9n a mag\u00e1nnyugd\u00edjakn\u00e1l egy kicsit f\u00e9ltem, mert annak idej\u00e9n a 300 Ft-os vizitd\u00edj\u00e9rt majdnem l\u00e1ngba borult az eg\u00e9sz orsz\u00e1g, de ezt a 3000 milli\u00e1rdot is siker\u00fclt elvenn\u00fcnk. <a href=\"https:\/\/www.mszporoszlany.hu\/?p=965\">Egy kattint\u00e1s ide a folytat\u00e1shoz&#8230;. <span class=\"meta-nav\">&rarr;<\/span><\/a><\/p>\n","protected":false},"author":35,"featured_media":0,"comment_status":"open","ping_status":"closed","sticky":false,"template":"","format":"standard","meta":{"footnotes":""},"categories":[196],"tags":[475,477,479,480,1766,472,317,471,478,473,476,474],"class_list":["post-965","post","type-post","status-publish","format-standard","hentry","category-magyarorszag","tag-3000-milliard","tag-ader","tag-budai","tag-foldmutyik","tag-magyarorszag","tag-nyerges","tag-orban-viktor","tag-pinter","tag-polt","tag-simicska","tag-szajer-felesege","tag-vizitdij"],"_links":{"self":[{"href":"https:\/\/www.mszporoszlany.hu\/index.php?rest_route=\/wp\/v2\/posts\/965","targetHints":{"allow":["GET"]}}],"collection":[{"href":"https:\/\/www.mszporoszlany.hu\/index.php?rest_route=\/wp\/v2\/posts"}],"about":[{"href":"https:\/\/www.mszporoszlany.hu\/index.php?rest_route=\/wp\/v2\/types\/post"}],"author":[{"embeddable":true,"href":"https:\/\/www.mszporoszlany.hu\/index.php?rest_route=\/wp\/v2\/users\/35"}],"replies":[{"embeddable":true,"href":"https:\/\/www.mszporoszlany.hu\/index.php?rest_route=%2Fwp%2Fv2%2Fcomments&post=965"}],"version-history":[{"count":0,"href":"https:\/\/www.mszporoszlany.hu\/index.php?rest_route=\/wp\/v2\/posts\/965\/revisions"}],"wp:attachment":[{"href":"https:\/\/www.mszporoszlany.hu\/index.php?rest_route=%2Fwp%2Fv2%2Fmedia&parent=965"}],"wp:term":[{"taxonomy":"category","embeddable":true,"href":"https:\/\/www.mszporoszlany.hu\/index.php?rest_route=%2Fwp%2Fv2%2Fcategories&post=965"},{"taxonomy":"post_tag","embeddable":true,"href":"https:\/\/www.mszporoszlany.hu\/index.php?rest_route=%2Fwp%2Fv2%2Ftags&post=965"}],"curies":[{"name":"wp","href":"https:\/\/api.w.org\/{rel}","templated":true}]}}