{"id":968,"date":"2012-07-09T12:47:37","date_gmt":"2012-07-09T11:47:37","guid":{"rendered":"http:\/\/www.mszporoszlany.hu\/?p=968"},"modified":"2012-07-09T12:47:37","modified_gmt":"2012-07-09T11:47:37","slug":"meghulyult-az-orszag","status":"publish","type":"post","link":"https:\/\/www.mszporoszlany.hu\/?p=968","title":{"rendered":"Megh\u00fcly\u00fclt az orsz\u00e1g?"},"content":{"rendered":"<p><img loading=\"lazy\" decoding=\"async\" class=\"alignleft size-full wp-image-969\" title=\"Kongresszus\" src=\"https:\/\/www.mszporoszlany.hu\/wp-content\/uploads\/2012\/07\/Kongresszus.jpg\" alt=\"\" width=\"200\" height=\"120\" \/>Vagy csak a zembereket h\u00fcly\u00edtik? Mi meg sunnyogunk, sum\u00e1kolunk, az\u00e9rt magunk k\u00f6z\u00f6tt megbesz\u00e9lj\u00fck, amit\u0151l semmi sem v\u00e1ltozik \u00e9s minden folyhat a maga ker\u00e9kv\u00e1g\u00e1s\u00e1ban. V\u00e1rjuk a megv\u00e1lt\u00f3 2014-et, amikor majd val\u00f3sz\u00edn\u0171leg a matematikusok ker\u00fclnek hatalomra, mert \u0151k ki tudj\u00e1k sz\u00e1molni, hogy hogyan lehet nyerni, gy\u0151zelemre vinni egy \u00edg\u00e9rethalmazt vagy egy \u201enem\u00edg\u00e9rget\u00e9st\u201d. A magyar sz\u00fcrke\u00e1llom\u00e1ny vil\u00e1gh\u00edr\u0171, de nem tudja kital\u00e1lni, hogy ezt a sok okoss\u00e1got hogyan lehet \u00f6sszeadni \u00e9s kisz\u0171rni a sok debil int\u00e9zked\u00e9st, alkalmatlan egy\u00e9nt a vezet\u00e9sb\u0151l, s\u0151t el\u00e9rni, hogy oda se ker\u00fclj\u00f6n.<\/p>\n<p><!--more--><\/p>\n<p>A minap a Jobbik miatt fordult az amerikai kongresszus \u00f6tven tagja Orb\u00e1n Viktorhoz. A k\u00e9pvisel\u0151k levele szerint a magyar vezet\u0151knek sz\u00f3t kell emelni\u00fck az antiszemitizmussal szemben. V\u00e1laszul a nagyf\u0151n\u00f6k az amcsikat teszi felel\u0151ss\u00e9 a kuruc inf\u00f3\u00e9rt. Valaki m\u00e9g azt is hozz\u00e1teszi, hogy a korm\u00e1nyz\u00e1shoz nem volt k\u00f6telez\u0151 t\u00f6rt\u00e9nelem\u00f3r\u00e1ra j\u00e1rni.<\/p>\n<p>Kuksol az orsz\u00e1g, pedig \u00e1ll\u00edt\u00f3lag a t\u00f6bbs\u00e9g szerint rossz ir\u00e1nyba mennek a dolgok. Nemzeti konzult\u00e1ci\u00f3nak neveznek egy sok sz\u00e1zmilli\u00f3s p\u00e9nzkidob\u00e1st, ami nem is konzult\u00e1ci\u00f3, hanem h\u0171tlen kezel\u00e9s, mert ezt az \u00fcgyet meg lehetett volna oldani egy fill\u00e9r n\u00e9lk\u00fcl, hiszen a weben, a m\u00e9di\u00e1n kereszt\u00fcl fel lehetett volna tenni az egy\u00e9bk\u00e9nt m\u00e1r eld\u00f6nt\u00f6tt k\u00e9rd\u00e9ssort. R\u00e9mh\u00edrek keringenek egy\u00e9bk\u00e9nt az &#8222;\u00f6ssze\u00edr\u00e1s&#8221; kapcs\u00e1n, m\u00e1rmint aki a k\u00e9rd\u0151\u00edvet visszak\u00fcldi, meg aki nem, \u00e9s n\u0151 az aggodalom, szaporodnak a tal\u00e1lgat\u00e1sok.<\/p>\n<p>A kis elm\u00e9lked\u00e9s l\u00e9nyege azonban, hogy vezet\u0151ink szerint jog\u00e1llamban \u00e9l\u00fcnk. V\u00e9g\u00fcl pedig az\u00e9rt b\u00edzzunk abban, hogy mindenki elnyeri m\u00e9lt\u00f3 jutalm\u00e1t \u00e9s b\u00fcntet\u00e9s\u00e9t.<\/p>\n","protected":false},"excerpt":{"rendered":"<p>Vagy csak a zembereket h\u00fcly\u00edtik? Mi meg sunnyogunk, sum\u00e1kolunk, az\u00e9rt magunk k\u00f6z\u00f6tt megbesz\u00e9lj\u00fck, amit\u0151l semmi sem v\u00e1ltozik \u00e9s minden folyhat a maga ker\u00e9kv\u00e1g\u00e1s\u00e1ban. V\u00e1rjuk a megv\u00e1lt\u00f3 2014-et, amikor majd val\u00f3sz\u00edn\u0171leg a matematikusok ker\u00fclnek hatalomra, mert \u0151k ki tudj\u00e1k sz\u00e1molni, hogy hogyan lehet nyerni, gy\u0151zelemre vinni egy \u00edg\u00e9rethalmazt vagy egy \u201enem\u00edg\u00e9rget\u00e9st\u201d. A magyar sz\u00fcrke\u00e1llom\u00e1ny vil\u00e1gh\u00edr\u0171, de nem tudja kital\u00e1lni, hogy ezt a sok okoss\u00e1got hogyan lehet \u00f6sszeadni \u00e9s kisz\u0171rni a sok debil int\u00e9zked\u00e9st, alkalmatlan egy\u00e9nt a vezet\u00e9sb\u0151l, s\u0151t el\u00e9rni, hogy oda se ker\u00fclj\u00f6n. <a href=\"https:\/\/www.mszporoszlany.hu\/?p=968\">Egy kattint\u00e1s ide a folytat\u00e1shoz&#8230;. <span class=\"meta-nav\">&rarr;<\/span><\/a><\/p>\n","protected":false},"author":35,"featured_media":0,"comment_status":"open","ping_status":"closed","sticky":false,"template":"","format":"standard","meta":{"footnotes":""},"categories":[196,197],"tags":[481,482,152,483,440,317],"class_list":["post-968","post","type-post","status-publish","format-standard","hentry","category-magyarorszag","category-nemzetkozi","tag-amerikai-kongresszus","tag-antiszemitizmus","tag-jobbik","tag-kuruc-info","tag-nemzeti-konzultacio","tag-orban-viktor"],"_links":{"self":[{"href":"https:\/\/www.mszporoszlany.hu\/index.php?rest_route=\/wp\/v2\/posts\/968","targetHints":{"allow":["GET"]}}],"collection":[{"href":"https:\/\/www.mszporoszlany.hu\/index.php?rest_route=\/wp\/v2\/posts"}],"about":[{"href":"https:\/\/www.mszporoszlany.hu\/index.php?rest_route=\/wp\/v2\/types\/post"}],"author":[{"embeddable":true,"href":"https:\/\/www.mszporoszlany.hu\/index.php?rest_route=\/wp\/v2\/users\/35"}],"replies":[{"embeddable":true,"href":"https:\/\/www.mszporoszlany.hu\/index.php?rest_route=%2Fwp%2Fv2%2Fcomments&post=968"}],"version-history":[{"count":0,"href":"https:\/\/www.mszporoszlany.hu\/index.php?rest_route=\/wp\/v2\/posts\/968\/revisions"}],"wp:attachment":[{"href":"https:\/\/www.mszporoszlany.hu\/index.php?rest_route=%2Fwp%2Fv2%2Fmedia&parent=968"}],"wp:term":[{"taxonomy":"category","embeddable":true,"href":"https:\/\/www.mszporoszlany.hu\/index.php?rest_route=%2Fwp%2Fv2%2Fcategories&post=968"},{"taxonomy":"post_tag","embeddable":true,"href":"https:\/\/www.mszporoszlany.hu\/index.php?rest_route=%2Fwp%2Fv2%2Ftags&post=968"}],"curies":[{"name":"wp","href":"https:\/\/api.w.org\/{rel}","templated":true}]}}