{"id":972,"date":"2012-07-11T18:25:36","date_gmt":"2012-07-11T17:25:36","guid":{"rendered":"http:\/\/www.mszporoszlany.hu\/?p=972"},"modified":"2012-07-11T22:21:07","modified_gmt":"2012-07-11T21:21:07","slug":"feljelentgetosdi-felmentosdi","status":"publish","type":"post","link":"https:\/\/www.mszporoszlany.hu\/?p=972","title":{"rendered":"Feljelentget\u0151sdi, felment\u0151sdi"},"content":{"rendered":"<p><img loading=\"lazy\" decoding=\"async\" class=\"alignleft size-full wp-image-973\" title=\"BudaiGyula\" src=\"https:\/\/www.mszporoszlany.hu\/wp-content\/uploads\/2012\/07\/BudaiGyula.jpg\" alt=\"\" width=\"200\" height=\"120\" \/>&#8211; <em>B\u0171ncselekm\u00e9ny hi\u00e1ny\u00e1ban<\/em> els\u0151 fokon felmentette a Miskolci V\u00e1rosi B\u00edr\u00f3s\u00e1g <em>Szitka P\u00e9ter<\/em>t (MSZP), Kazincbarcika polg\u00e1rmester\u00e9t a jelent\u0151s vagyoni h\u00e1tr\u00e1nyt okoz\u00f3 h\u0171tlen kezel\u00e9s v\u00e1dja al\u00f3l. Az \u00edt\u00e9let indokl\u00e1sa szerint a polg\u00e1rmester semmilyen m\u00f3don nem szegte meg k\u00f6teless\u00e9g\u00e9t, nem kezelte h\u0171tlen m\u00f3don a v\u00e1ros p\u00e9nz\u00e9t.<\/p>\n<p><!--more--><\/p>\n<p>&#8211; A Tatab\u00e1nyai T\u00f6rv\u00e9nysz\u00e9k <em>b\u0171ncselekm\u00e9ny hi\u00e1ny\u00e1ban<\/em> felmentette a k\u00fcl\u00f6n\u00f6sen nagy vagyoni h\u00e1tr\u00e1nyt okoz\u00f3 h\u0171tlen kezel\u00e9s v\u00e1dja al\u00f3l <em>T\u00e1trai Mikl\u00f3s<\/em>t, a Magyar Nemzeti Vagyonkezel\u0151 (MNV) Zrt. volt vezet\u0151j\u00e9t \u00e9s <em>Mezei L\u00e1szl\u00f3<\/em>t, a Nemzeti M\u00e9nesbirtok volt \u00fcgyvezet\u0151j\u00e9t. A Kom\u00e1rom-Esztergom Megyei F\u0151\u00fcgy\u00e9szs\u00e9g Budai Gyula elsz\u00e1moltat\u00e1si korm\u00e1nybiztos \u00e9s Medgyasszay L\u00e1szl\u00f3 volt KDNP-s k\u00e9pvisel\u0151 feljelent\u00e9se ut\u00e1n ind\u00edtott pert ellen\u00fck, t\u00f6bb \u00e9vvel ezel\u0151tt. A v\u00e1dirat szerint Mezei tettesk\u00e9nt, T\u00e1trai mint felbujt\u00f3 utas\u00edt\u00e1s\u00e1ra fikt\u00edv meg\u00e1llapod\u00e1s \u00e9s sz\u00e1mla alapj\u00e1n utalt \u00e1t 365 milli\u00f3 forintot a felsz\u00e1mol\u00e1s alatt \u00e1ll\u00f3 B\u00e1bolna Zrt. r\u00e9sz\u00e9re.<\/p>\n<p>&#8211; Els\u0151 fokon <em>felmentette<\/em> a b\u00edr\u00f3s\u00e1g <em>Szilv\u00e1sy Gy\u00f6rgy<\/em>\u00f6t \u00e9s t\u00e1rsait az UD Zrt. \u00fcgyben indult perben, jelentette gyorsh\u00edrben a H\u00edrt\u00e9v\u00e9. A volt titokminisztert \u00e9s &#8222;t\u00e1rsait&#8221;, T\u00f3th K\u00e1rolyt, a nemzetbiztons\u00e1gi bizotts\u00e1g egykori szocialista eln\u00f6k\u00e9t, illetve D\u00e1vid Ibolya volt MDF-eln\u00f6k\u00f6t \u00e9s egykori helyettes\u00e9t, Her\u00e9nyi K\u00e1rolyt K\u00f6v\u00e9r L\u00e1szl\u00f3 \u00e9s Demeter Ervin fideszes politikusok szem\u00e9lyis\u00e9gi jogainak megs\u00e9rt\u00e9s\u00e9vel v\u00e1dolta az \u00fcgy\u00e9szs\u00e9g. Vasv\u00e1ri Csaba b\u00edr\u00f3 indokl\u00e1s\u00e1ban \u00e9lesen b\u00edr\u00e1lta az \u00fcgy\u00e9szs\u00e9get. Mint mondta, a v\u00e1dlottak t\u00f6rv\u00e9nyesen, az alkotm\u00e1ny szellem\u00e9ben j\u00e1rtak el, m\u00edg a megv\u00e1dolt politikusok riv\u00e1lisai, a vel\u00fck egy\u00fcttm\u0171k\u00f6d\u0151k, a s\u00e9rtettek, a feljelent\u0151k \u00e9s a terhel\u0151 tan\u00fak szavahihetetlennek bizonyultak a perben.<\/p>\n<p>&#8211; Els\u0151 fokon <em>felmentette<\/em> a F\u0151v\u00e1rosi T\u00f6rv\u00e9nysz\u00e9k katonai tan\u00e1csa a hivatali vissza\u00e9l\u00e9s, a hivatali vissza\u00e9l\u00e9sre val\u00f3 felbujt\u00e1s \u00e9s a h\u0171tlen kezel\u00e9s v\u00e1dja al\u00f3l <em>Laborc S\u00e1ndor<\/em>t, a Nemzetbiztons\u00e1gi Hivatal (NBH, ma m\u00e1r Alkotm\u00e1nyv\u00e9delmi Hivatal) kor\u00e1bbi f\u0151igazgat\u00f3j\u00e1t. B\u0171n\u00f6snek tal\u00e1lta viszont mag\u00e1ntitok jogosulatlan megismer\u00e9s\u00e9ben, illetve ennek k\u00eds\u00e9rlet\u00e9ben, ez\u00e9rt p\u00e9nzb\u00fcntet\u00e9sre \u00edt\u00e9lte. Laborc h\u00e1rom v\u00e1dlott-t\u00e1rs\u00e1t szint\u00e9n mag\u00e1ntitok jogosulatlan megismer\u00e9se \u00e9s ennek k\u00eds\u00e9rlete miatt \u00edt\u00e9lt\u00e9k p\u00e9nzb\u00fcntet\u00e9sre.<\/p>\n<p>&#8211; A m\u00e1sodfokon elj\u00e1r\u00f3 F\u0151v\u00e1rosi \u00cdt\u00e9l\u0151t\u00e1bla <em>felmentette Borovszky T\u00edme\u00e1<\/em>t, az egykori mszp-s Oktat\u00e1si \u00e9s Kultur\u00e1lis Miniszt\u00e9rium es\u00e9lyegyenl\u0151s\u00e9gi f\u0151igazgat\u00f3s\u00e1g\u00e1nak kor\u00e1bbi f\u0151oszt\u00e1lyvezet\u0151j\u00e9t a veszteget\u00e9s v\u00e1dja al\u00f3l. Az \u00edt\u00e9let nem joger\u0151s, a per a Legfels\u0151bb B\u00edr\u00f3s\u00e1gon fejez\u0151dik be. Az \u00edt\u00e9l\u0151t\u00e1bla meg\u00e1llap\u00edtotta: a terhel\u0151 tan\u00fa vallom\u00e1sa nem alkalmas arra, hogy a b\u00edr\u00f3s\u00e1g ennek alapj\u00e1n a b\u0171n\u00f6ss\u00e9get meg\u00e1llap\u00edtsa. A b\u00edr\u00f3 hangs\u00falyozta: valaki b\u0171n\u00f6ss\u00e9g\u00e9t csak akkor lehet meg\u00e1llap\u00edtani, ha az minden k\u00e9ts\u00e9get kiz\u00e1r\u00f3an bizony\u00edthat\u00f3.<\/p>\n<p>&#8211; Budai Gyula, elsz\u00e1moltat\u00e1si korm\u00e1nybiztos tavaly \u00e9v elej\u00e9n tett feljelent\u00e9st n\u00e9gy, filoz\u00f3fiai t\u00e1rgy\u00fa p\u00e1ly\u00e1zattal kapcsolatban. M\u00e1sf\u00e9l \u00e9v ut\u00e1n viszont a BRFK <em>b\u0171ncselekm\u00e9ny hi\u00e1ny\u00e1ban<\/em> megsz\u00fcntette mindegyik \u201e<em>filoz\u00f3fus\u00fcggyel<\/em>\u201d kapcsolatos nyomoz\u00e1st. A gazdas\u00e1gv\u00e9delmi nyomoz\u00f3k nem tal\u00e1ltak b\u0171ncselekm\u00e9nyre utal\u00f3 nyomot a k\u00f6zel m\u00e1sf\u00e9l \u00e9ve foly\u00f3 elj\u00e1r\u00e1s sor\u00e1n, \u00edgy kor\u00e1bban alaptalanul hozt\u00e1k \u00f6sszef\u00fcgg\u00e9sbe a neves filoz\u00f3fusokat a h\u0171tlen kezel\u00e9ssel gyan\u00faj\u00e1val. Budai Gyula a nyomoz\u00e1s folytat\u00e1s\u00e1t k\u00e9rte \u00e9s panaszt jelentett be. \u201eA F\u0151v\u00e1rosi F\u0151\u00fcgy\u00e9szs\u00e9g az azonos indokokra t\u00e1maszkod\u00f3 panaszokat, mint nem jogosultt\u00f3l sz\u00e1rmaz\u00f3t, a t\u00f6rv\u00e9ny k\u00f6telez\u0151 rendelkez\u00e9se folyt\u00e1n elutas\u00edtotta, ugyanakkor a megsz\u00fcntet\u0151 hat\u00e1rozatokat hivatalb\u00f3l fel\u00fclvizsg\u00e1lta\u201d &#8211; k\u00f6z\u00f6lte a BRFK illet\u00e9kese. A F\u0151v\u00e1rosi F\u0151\u00fcgy\u00e9szs\u00e9g a vizsg\u00e1lat eredm\u00e9nyek\u00e9pp meg\u00e1llap\u00edtotta, hogy az elj\u00e1r\u00f3 hat\u00f3s\u00e1g a nyomoz\u00e1s sor\u00e1n beszerzett, az \u00fcgy szempontj\u00e1b\u00f3l relev\u00e1ns valamennyi adat \u00e9s bizony\u00edt\u00e9k \u00e9rt\u00e9kel\u00e9s\u00e9vel t\u00f6rv\u00e9nyesen vonta le a nyomoz\u00e1sok megsz\u00fcntet\u00e9s\u00e9re okot ad\u00f3 k\u00f6vetkeztet\u00e9seket, \u00edgy a hat\u00e1rozatok meghozatal\u00e1ra megalapozottan ker\u00fclt sor.<\/p>\n<p>&#8211; <em>Pert nyert<\/em> Budai Gyula ellen B\u00e1bolna szocialista polg\u00e1rmestere. A joger\u0151s d\u00f6nt\u00e9s szerint az elsz\u00e1moltat\u00e1si korm\u00e1nybiztos val\u00f3tlanul \u00e1ll\u00edtotta, a \u201eFidesz pedig val\u00f3tlanul h\u00edresztelte\u201d, hogy <em>Horv\u00e1th Kl\u00e1ra<\/em> &#8222;b\u00e1rmilyen f\u00f6ld\u00fcgyet meg\u00faszott volna&#8221;, hogy k\u00f6zokirat-hamis\u00edt\u00e1st k\u00f6vetett volna el, illetve azt, hogy a neve korrupci\u00f3s sorozathoz f\u0171z\u0151dne. Budai Gyula h\u00e1rom \u00e9vvel ezel\u0151tt, m\u00e9g a Magosz, a Magyar Gazdak\u00f6r\u00f6k \u00e9s Gazdasz\u00f6vetkezetek Sz\u00f6vets\u00e9g\u00e9nek sz\u00f6vets\u00e9gi igazgat\u00f3jak\u00e9nt tett b\u00fcntet\u0151feljelent\u00e9st a b\u00e1bolnai polg\u00e1rmester ellen. \u00c1ll\u00edt\u00e1sa szerint Horv\u00e1th Kl\u00e1ra \u00fagy adott b\u00e9rbe &#8211; szab\u00e1lytalan p\u00e1ly\u00e1zati ki\u00edr\u00e1ssal &#8211; egy 85 hekt\u00e1ros \u00e1llami f\u00f6ldter\u00fcletet, hogy a legalacsonyabb aj\u00e1nlatot tev\u0151 c\u00e9g nyerte meg a p\u00e1ly\u00e1zatot, r\u00e1ad\u00e1sul a vagyonkezel\u0151 hozz\u00e1j\u00e1rul\u00e1s\u00e1t sem k\u00e9rte ki a telep\u00fcl\u00e9svezet\u0151. A 2009-ben tett feljelent\u00e9s nyom\u00e1n ind\u00edtott nyomoz\u00e1st az illet\u00e9kes hat\u00f3s\u00e1gok id\u0151k\u00f6zben b\u0171ncselekm\u00e9ny hi\u00e1ny\u00e1ban megsz\u00fcntett\u00e9k.<\/p>\n<p>&#8211; Sveiczer S\u00e1ndor hevesi v\u00e1rosi fideszes k\u00e9pvisel\u0151, a Heves Megyei \u00d6nkorm\u00e1nyzat tagja tett feljelent\u00e9st, azt \u00e1ll\u00edtva, hogy kock\u00e1zatos befektet\u00e9sek miatt 86 milli\u00f3 forintos vesztes\u00e9get k\u00f6nyvelt el a v\u00e1ros egy \u00edr k\u00f6tv\u00e9ny\u00fcgyleten, s emiatt b\u00fcntet\u0151feljelent\u00e9st tett. A rend\u0151rs\u00e9g a <em>nyomoz\u00e1st megsz\u00fcntette<\/em> azzal az indokkal, hogy a k\u00fclf\u00f6ldi kibocs\u00e1t\u00e1s\u00fa k\u00f6tv\u00e9nyek nem jelentettek kock\u00e1zatosabb befektet\u00e9st a magyar \u00e9rt\u00e9kpap\u00edrokn\u00e1l, vagyis nem k\u00f6vetett el b\u0171ncselekm\u00e9nyt <em>Heves v\u00e1ros \u00f6nkorm\u00e1nyzata<\/em>, amikor k\u00f6tv\u00e9nyeket v\u00e1s\u00e1rolt \u00e9s ezzel p\u00e9nz\u00fcgyi kock\u00e1zatot v\u00e1llalt.<\/p>\n<p>Elh\u00faz\u00f3d\u00f3 vizsg\u00e1latokat, megsz\u00fcntetett nyomoz\u00e1sokat \u00e9s egy felment\u0151 \u00edt\u00e9letet tud felmutatni Budai Gyula elsz\u00e1moltat\u00e1si korm\u00e1nybiztos, aki a h\u00e9ten adja \u00e1t jelent\u00e9s\u00e9t a korm\u00e1nynak az elsz\u00e1moltat\u00e1sr\u00f3l \u2013 \u00edrja az Orig\u00f3. Az elsz\u00e1moltat\u00e1si korm\u00e1nybiztosok majdnem m\u00e1sf\u00e9l ezer \u00fcggyel foglalkoztak az elm\u00falt k\u00e9t \u00e9vben, de ezek t\u00f6bbs\u00e9ge a gyan\u00fas\u00edt\u00e1sig sem jutott, \u00e9s jelenleg mind\u00f6ssze n\u00e9gy \u00fcgyben zajlik b\u00edr\u00f3s\u00e1gi elj\u00e1r\u00e1s. Gyurcs\u00e1ny Ferenc viszont a h\u00e9ten v\u00e1dlott lehet.<\/p>\n<p>Hab\u00e1r Budai Gyula korm\u00e1nybiztos az elm\u00falt h\u00f3napokban t\u00f6bbsz\u00f6r is sikerr\u0151l besz\u00e9lt, a statisztik\u00e1k alapj\u00e1n messze nem haladtak olyan gyorsan &#8222;az elm\u00falt nyolc \u00e9v&#8221; \u00fcgyeinek tiszt\u00e1z\u00e1s\u00e1val, ahogy Orb\u00e1n Viktor szerette volna.<\/p>\n<p>A 2010-es v\u00e1laszt\u00e1sok el\u0151tt, majd a korm\u00e1nyv\u00e1lt\u00e1s ut\u00e1n is a Fidesz egyik legt\u00f6bbet ism\u00e9telt jelszava az elsz\u00e1moltat\u00e1s volt, a Fidesz a 2010-es programj\u00e1ban egyenesen \u00fagy fogalmaz: &#8222;A magyar emberek j\u00f6v\u0151je elsz\u00e1mol\u00e1s n\u00e9lk\u00fcl nem lehet sikeres.&#8221; Orb\u00e1n Viktor pedig 2010-ben a Fidesz \u00e9s a KDNP frakci\u00f3inak alakul\u00f3 \u00fcl\u00e9s\u00e9n kijelentette: &#8222;Van itt k\u00e9t olyan \u00fcgy, amelynek elrendez\u00e9se nem t\u0171r halaszt\u00e1st: az elsz\u00e1moltat\u00e1s \u00e9s az orsz\u00e1g megment\u00e9se a gazdas\u00e1gi \u00f6sszeoml\u00e1st\u00f3l.&#8221;<\/p>\n<p>A korm\u00e1ny elt\u00f6k\u00e9lts\u00e9ge ellen\u00e9re az elsz\u00e1moltat\u00e1si korm\u00e1nybiztos honlapj\u00e1n, amely a 2002 \u00e9s 2010 k\u00f6z\u00f6tt t\u00f6rt\u00e9nt, gyan\u00fasnak \u00edt\u00e9lt \u00fcgyeket sorolja fel, ez a k\u00e9t leggyakoribb megjegyz\u00e9s: &#8222;az iratok feldolgoz\u00e1sa folyamatban&#8221;, illetve &#8222;a nyomoz\u00e1s folyamatban&#8221;. Budai Gyula elsz\u00e1moltat\u00e1si korm\u00e1nybiztos a statisztik\u00e1r\u00f3l azt mondta az [origo]-nak, hogy az elsz\u00e1moltat\u00e1si korm\u00e1nybiztosok &#8211; az Orb\u00e1n-korm\u00e1ny megalakul\u00e1sa ut\u00e1n Papcs\u00e1k Ferenc, majd 2010 november\u00e9t\u0151l Budai Gyula &#8211; ez \u00e9v j\u00fanius v\u00e9g\u00e9ig 1434 k\u00fcl\u00f6nb\u00f6z\u0151 \u00fcgyben int\u00e9zkedtek \u2013 \u00edrja a port\u00e1l.<\/p>\n","protected":false},"excerpt":{"rendered":"<p>B\u0171ncselekm\u00e9ny hi\u00e1ny\u00e1ban els\u0151 fokon felmentette a Miskolci V\u00e1rosi B\u00edr\u00f3s\u00e1g Szitka P\u00e9tert (MSZP), Kazincbarcika polg\u00e1rmester\u00e9t a jelent\u0151s vagyoni h\u00e1tr\u00e1nyt okoz\u00f3 h\u0171tlen kezel\u00e9s v\u00e1dja al\u00f3l. Az \u00edt\u00e9let indokl\u00e1sa szerint a polg\u00e1rmester semmilyen m\u00f3don nem szegte meg k\u00f6teless\u00e9g\u00e9t, nem kezelte h\u0171tlen m\u00f3don a v\u00e1ros p\u00e9nz\u00e9t. <a href=\"https:\/\/www.mszporoszlany.hu\/?p=972\">Egy kattint\u00e1s ide a folytat\u00e1shoz&#8230;. <span class=\"meta-nav\">&rarr;<\/span><\/a><\/p>\n","protected":false},"author":35,"featured_media":0,"comment_status":"open","ping_status":"closed","sticky":false,"template":"","format":"standard","meta":{"footnotes":""},"categories":[195,196,58],"tags":[492,489,493,490,495,494,491,486,487,484,485,488],"class_list":["post-972","post","type-post","status-publish","format-standard","hentry","category-komarom-esztergom-megye","category-magyarorszag","category-mszp","tag-borovszky-timea","tag-david-ibolya","tag-filozofusugy","tag-herenyi-karoly","tag-heves-megyei-onkormanyzat","tag-horvath-klara","tag-laborc-sandor","tag-mezei-laszlo","tag-szilvasy-gyorgy","tag-szitka-peter","tag-tatrai-miklos","tag-toth-karoly"],"_links":{"self":[{"href":"https:\/\/www.mszporoszlany.hu\/index.php?rest_route=\/wp\/v2\/posts\/972","targetHints":{"allow":["GET"]}}],"collection":[{"href":"https:\/\/www.mszporoszlany.hu\/index.php?rest_route=\/wp\/v2\/posts"}],"about":[{"href":"https:\/\/www.mszporoszlany.hu\/index.php?rest_route=\/wp\/v2\/types\/post"}],"author":[{"embeddable":true,"href":"https:\/\/www.mszporoszlany.hu\/index.php?rest_route=\/wp\/v2\/users\/35"}],"replies":[{"embeddable":true,"href":"https:\/\/www.mszporoszlany.hu\/index.php?rest_route=%2Fwp%2Fv2%2Fcomments&post=972"}],"version-history":[{"count":0,"href":"https:\/\/www.mszporoszlany.hu\/index.php?rest_route=\/wp\/v2\/posts\/972\/revisions"}],"wp:attachment":[{"href":"https:\/\/www.mszporoszlany.hu\/index.php?rest_route=%2Fwp%2Fv2%2Fmedia&parent=972"}],"wp:term":[{"taxonomy":"category","embeddable":true,"href":"https:\/\/www.mszporoszlany.hu\/index.php?rest_route=%2Fwp%2Fv2%2Fcategories&post=972"},{"taxonomy":"post_tag","embeddable":true,"href":"https:\/\/www.mszporoszlany.hu\/index.php?rest_route=%2Fwp%2Fv2%2Ftags&post=972"}],"curies":[{"name":"wp","href":"https:\/\/api.w.org\/{rel}","templated":true}]}}