{"id":978,"date":"2012-07-11T18:47:39","date_gmt":"2012-07-11T17:47:39","guid":{"rendered":"http:\/\/www.mszporoszlany.hu\/?p=978"},"modified":"2012-08-15T18:02:36","modified_gmt":"2012-08-15T17:02:36","slug":"kidurrant-a-felmilliardos-lufi","status":"publish","type":"post","link":"https:\/\/www.mszporoszlany.hu\/?p=978","title":{"rendered":"Kidurrant a f\u00e9lmilli\u00e1rdos lufi"},"content":{"rendered":"<p><img loading=\"lazy\" decoding=\"async\" class=\"alignleft size-full wp-image-980\" title=\"Marionett\" src=\"https:\/\/www.mszporoszlany.hu\/wp-content\/uploads\/2012\/07\/Marionett.jpg\" alt=\"\" width=\"200\" height=\"170\" \/>Egy\u00e9vnyi nyomoz\u00f3munka, sz\u00e1mtalan tan\u00fa \u00e9s szak\u00e9rt\u0151 meghallgat\u00e1sa, sz\u00e9lesk\u00f6r\u0171 bizony\u00edt\u00e1si elj\u00e1r\u00e1s ut\u00e1n a rend\u0151rs\u00e9g megsz\u00fcntette a nyomoz\u00e1st a k\u00fcl\u00f6n\u00f6sen nagy vagyoni h\u00e1tr\u00e1nyt okoz\u00f3 h\u0171tlen kezel\u00e9s b\u0171ntette miatt, ami Tak\u00e1cs K\u00e1roly Oroszl\u00e1ny V\u00e1ros Polg\u00e1rmester\u00e9nek feljelent\u00e9se nyom\u00e1n indult, \u00e9s a Kom\u00e1rom-Esztergom Megyei Rend\u0151r-f\u0151kapit\u00e1nys\u00e1g B\u0171n\u00fcgyi Oszt\u00e1lya folytatott le. A megsz\u00fcntet\u0151 hat\u00e1rozat indokol\u00e1sa szerint nem t\u00f6rt\u00e9nt b\u0171ncselekm\u00e9ny \u2013 tette k\u00f6zz\u00e9 ma az MTI.<\/p>\n<p><!--more--><\/p>\n<p>Mint arr\u00f3l annak idej\u00e9n a T\u00e1virati Iroda besz\u00e1molt, a nyomoz\u00e1st Tak\u00e1cs K\u00e1roly oroszl\u00e1nyi polg\u00e1rmester (Fidesz) feljelent\u00e9se alapj\u00e1n rendelte el a megyei f\u0151\u00fcgy\u00e9szs\u00e9g. Vasv\u00e1ri Erika, a v\u00e1ros sajt\u00f3referense az MTI megkeres\u00e9s\u00e9re akkor azt mondta, hogy f\u00e9lmilli\u00e1rd forintos vesztes\u00e9get t\u00e1rt fel egy f\u00fcggetlen vizsg\u00e1lat. <em>A k\u00f6nyvvizsg\u00e1l\u00f3 t\u00e1rsas\u00e1g sz\u00e1z\u00f6tven oldalas jelent\u00e9sben \u00f6sszegezte a polg\u00e1rmesteri hivatal \u00e9s az Oroszl\u00e1nyi Szolg\u00e1ltat\u00f3 (OSZ) Zrt. elm\u00falt tizenk\u00e9t \u00e9v\u00e9nek vagyongazd\u00e1lkod\u00e1s\u00e1t. A jelent\u00e9s szerint becs\u00fclhet\u0151en legal\u00e1bb f\u00e9lmilli\u00e1rd forintos vesztes\u00e9g \u00e9rte a v\u00e1rost elhib\u00e1zott, nem kell\u0151 k\u00f6r\u00fcltekint\u00e9ssel, vagy sz\u00e1nd\u00e9kosan k\u00e1rt okozva v\u00e9grehajtott gazdas\u00e1gi \u00fcgyletek miatt. A k\u00e1r t\u00f6bbek k\u00f6z\u00f6tt egy uszoda fel\u00faj\u00edt\u00e1sa, egy lak\u00f3park \u00e9p\u00edt\u00e9se \u00e9s a kommunik\u00e1ci\u00f3s k\u00e1belrendszer \u00e9rt\u00e9kes\u00edt\u00e9se sor\u00e1n keletkezett.<\/em><\/p>\n<p>A polg\u00e1rmester \u00edgy nyilatkozott 2011 j\u00falius\u00e1ban: <em>V\u00e1laszt\u00f3imnak tett els\u0151 sz\u00e1m\u00fa \u00edg\u00e9retem volt a vagyongazd\u00e1lkod\u00e1s \u00e1tvil\u00e1g\u00edt\u00e1sa, az oroszl\u00e1nyiak \u00e1ltal \u2013 mint kider\u00fclt, okkal \u2013 v\u00e9lelmezett vissza\u00e9l\u00e9sek felt\u00e1r\u00e1sa. A k\u00f6zv\u00e9lem\u00e9ny igaz\u00e1t egy f\u00fcggetlen vagyon\u00e9rt\u00e9kel\u0151 c\u00e9g, az American Appraisal sz\u00e1z\u00f6tven oldalas vizsg\u00e1lati jelent\u00e9se t\u00e1masztja al\u00e1. A megyei f\u0151\u00fcgy\u00e9szs\u00e9g vizsg\u00e1latunk nyom\u00e1n megind\u00edtotta a nyomoz\u00e1st k\u00fcl\u00f6n\u00f6sen nagy vagyoni h\u00e1tr\u00e1nyt okoz\u00f3 h\u0171tlen kezel\u00e9s b\u0171ntett\u00e9ben. Ilyen \u00e1tfog\u00f3, tizenk\u00e9t \u00e9vre visszamen\u0151, f\u00fcggetlen \u00e1tvil\u00e1g\u00edt\u00f3 c\u00e9ggel elv\u00e9geztetett, saj\u00e1t magunkra n\u00e9zve is k\u00f6telez\u0151 vizsg\u00e1latot tudom\u00e1sunk szerint m\u00e9g egyetlen \u00f6nkorm\u00e1nyzat sem v\u00e9geztetett el. Mi vagyunk az els\u0151k. A legfontosabb, hogy m\u00e1r megtett\u00fck az int\u00e9zked\u00e9seket az\u00e9rt, hogy a j\u00f6v\u0151ben gazdas\u00e1gi vissza\u00e9l\u00e9sek ne fordulhassanak el\u0151. M\u00f3dos\u00edtottuk az OSZ Zrt. alapszab\u00e1ly\u00e1t, \u00f6sszef\u00e9rhetetlens\u00e9gi cenzust alak\u00edtottunk ki, az \u00f6nkorm\u00e1nyzati vagyoni d\u00f6nt\u00e9sekn\u00e9l neves\u00edtj\u00fck a felel\u0151st \u2013 ezent\u00fal nem lehet a k\u00e9pvisel\u0151-test\u00fclet, a kollekt\u00edv felel\u0151ss\u00e9g m\u00f6g\u00e9 b\u00fajni. Az int\u00e9zked\u00e9sekkel igyekszem megszolg\u00e1lni a bel\u00e9m vetett bizalmat, \u00e9s \u00faj, tiszta, j\u00f3l m\u0171k\u00f6d\u0151 alapra helyezni a v\u00e1ros gazd\u00e1lkod\u00e1s\u00e1t.<\/em><\/p>\n<p>Az \u00fcgyben \u2013 amit a helyi \u00fajs\u00e1g h\u00e1rom egym\u00e1st k\u00f6vet\u0151 sz\u00e1m\u00e1ban is ragozott \u2013 megsz\u00f3lalt Czunyin\u00e9 dr. Bertalan Judit korm\u00e1nymegb\u00edzott is: <em>Az \u00e1tvil\u00e1g\u00edt\u00e1s c\u00e9lja az volt, hogy kisz\u0171rj\u00fck \u00e9s megsz\u00fcntess\u00fck azokat a m\u00f3dszereket, elj\u00e1r\u00e1sokat, amelyekkel meg lehet csapolni egy \u00f6nkorm\u00e1nyzat vagyon\u00e1t.<\/em><\/p>\n<p>A v\u00e1dakat 2011. j\u00falius 21-\u00e9n tartott sajt\u00f3t\u00e1j\u00e9koztat\u00f3j\u00e1n c\u00e1folta az el\u0151z\u0151, szocialista v\u00e1rosvezet\u00e9s \u00e9s az OSZ Zrt. akkori vez\u00e9rigazgat\u00f3ja:<\/p>\n<p style=\"padding-left: 30px;\"><em>Ha ezt a jelent\u00e9st egy Fidesz ir\u00e1ny\u00edtotta telep\u00fcl\u00e9sr\u0151l \u00edrt\u00e1k volna, akkor most sikersztorik\u00e9nt lobogtatn\u00e1k a meg\u00e1llap\u00edt\u00e1sokat<\/em> \u2013 \u00f6sszegezte v\u00e9lem\u00e9ny\u00e9t Sz\u00e9kely Antal (MSZP), Oroszl\u00e1ny volt alpolg\u00e1rmestere, az MSZP helyi eln\u00f6ke, aki hozz\u00e1tette: <em>nem m\u00e1sr\u00f3l sz\u00f3l ez a t\u00f6rt\u00e9net, mint a baloldal ellehetetlen\u00edt\u00e9s\u00e9r\u0151l, s\u0151t, erk\u00f6lcsi megsemmis\u00edt\u00e9s\u00e9r\u0151l, mint teszik ezt a fideszes v\u00e1rospolitikusok Miskolcon, vagy Kom\u00e1romban is.<\/em><\/p>\n<p style=\"padding-left: 30px;\">Laz\u00f3k Zolt\u00e1n a telep\u00fcl\u00e9s Szolg\u00e1ltat\u00f3 Zrt-j\u00e9nek lev\u00e1ltott vezet\u0151je t\u00e9telesen c\u00e1folta a k\u00f6nyvvizsg\u00e1l\u00f3i jelent\u00e9s f\u0151bb meg\u00e1llap\u00edt\u00e1sait. Mint elmondta: <em>sajnos, szinte minden pontn\u00e1l az l\u00e1tszik, hogy a megb\u00edz\u00f3k, vagy nem adtak \u00e1t minden inform\u00e1ci\u00f3t a vizsg\u00e1l\u00f3knak, vagy azok azt nem \u00e9rtett\u00e9k meg, vagy nem k\u00e9rdeztek meg hozz\u00e1\u00e9rt\u0151t.<\/em> Egyik p\u00e9ldak\u00e9nt a jelent\u00e9s legnagyobb t\u00e9tel\u00e9t, a k\u00f6z\u00f6ss\u00e9gi k\u00e1belrendszer nem piaci \u00e1ron t\u00f6rt\u00e9n\u0151 \u00e9rt\u00e9kes\u00edt\u00e9s\u00e9t eml\u00edtette, ami ak\u00e1r 180 milli\u00f3 Ft-os h\u00e1tr\u00e1nyt is okozhatott Oroszl\u00e1nynak, <em>de ez a rendszer, soha nem is volt a v\u00e1ros tulajdon\u00e1ban, hanem a lak\u00e1ssz\u00f6vetkezet \u00e9s a t\u00e1rsash\u00e1zi lak\u00f3k\u00f6z\u00f6ss\u00e9gek birtokolt\u00e1k, valamint nagyon komoly h\u00e1l\u00f3zat b\u0151v\u00edt\u00e9st v\u00e9gzett maga a telev\u00edzi\u00f3s szolg\u00e1ltat\u00f3<\/em> \u2013 mondta a volt vez\u00e9rigazgat\u00f3.<\/p>\n<p style=\"padding-left: 30px;\">Rajnai G\u00e1bor (MSZP), aki 2002-2010. k\u00f6z\u00f6tt volt a b\u00e1ny\u00e1szv\u00e1ros polg\u00e1rmestere az uszodafel\u00faj\u00edt\u00e1s menet\u00e9t ismertette, aminek r\u00e9sze volt egy l\u00edzing konstrukci\u00f3 is. A jelent\u00e9s azt \u00e1llap\u00edtotta meg ez \u00fcgyben, hogy 123 milli\u00f3s k\u00e1r \u00e9rte az \u00f6nkorm\u00e1nyzatot. Ezzel szemben Rajnai G\u00e1bor szerint ez az \u00f6sszeg az \u00fcgylet \u00c1FA-ja, \u00e9s a v\u00e1ros nem vesz\u00edtett ezen az \u00fcgy\u00f6n, hanem a l\u00edzingb\u0151l val\u00f3 kisz\u00e1ll\u00e1s 320 milli\u00f3 forintos el\u0151nyt jelentett.<\/p>\n<p style=\"padding-left: 30px;\">A sajt\u00f3t\u00e1j\u00e9koztat\u00f3n sz\u00f3ba ker\u00fclt az a meg\u00e1llap\u00edt\u00e1s is, hogy a vizsg\u00e1lt id\u0151szakban a v\u00e1ros eszk\u00f6z\u00e1llom\u00e1nya jelent\u0151sen n\u0151tt: 2,1 milli\u00e1rd Ft-r\u00f3l 10,4 milli\u00e1rd Ft-ra. A sz\u00e1madatokb\u00f3l egy\u00e9rtelm\u0171en meg\u00e1llap\u00edthat\u00f3, hogy az \u00d6nkorm\u00e1nyzat vagyongyarapod\u00e1sa nagyon jelent\u0151s volt, \u00e9ves \u00e1tlagban megk\u00f6zel\u00edtette a 0,5 milli\u00e1rd forintot.<\/p>\n<p>Ha l\u00fad, akkor legyen k\u00f6v\u00e9r, gondolhatta a fideszes v\u00e1rosvezet\u00e9s, hiszen a szocialist\u00e1k c\u00e1folat\u00e1t k\u00f6vet\u0151en Papp P\u00e9ter alpolg\u00e1rmester feljelent\u00e9skieg\u00e9sz\u00edt\u00e9st tett azzal az indokkal, hogy felt\u00e9telezhet\u0151en tov\u00e1bbi hatvanmilli\u00f3 forint nagys\u00e1grend\u0171 vagyoni h\u00e1tr\u00e1ny \u00e9rte a v\u00e1ros \u00f6nkorm\u00e1nyzat\u00e1t a vizsg\u00e1lt id\u0151szakban. Ugyanakkor hangs\u00falyozta: <em>Nem boszork\u00e1ny\u00fcld\u00f6z\u00e9s folyt, ir\u00e1nymutat\u00e1st szerett\u00fcnk volna kapni, hogy milyen gyakorlatot ne folytassunk tov\u00e1bb. Az egyes \u00fcgyekben mi m\u00e1r r\u00e9gen, mint ellenz\u00e9k folyamatosan interpell\u00e1ltuk a szocialista vezet\u0151k d\u00f6nt\u00e9seit. B\u00edr\u00e1ltuk az \u00e9rt\u00e9kes\u00edt\u00e9seket, ellenv\u00e9lem\u00e9nyeket fogalmaztunk meg t\u00f6bb beruh\u00e1z\u00e1ssal \u00e9s int\u00e9zked\u00e9ssel kapcsolatban, t\u00f6bb esetben k\u00e9rt\u00fck a folyamat le\u00e1ll\u00edt\u00e1s\u00e1t is. A szocialista t\u00f6bbs\u00e9g\u0171 v\u00e1rosvezet\u00e9st azonban egy esetben sem tudtuk elt\u00e9r\u00edteni a kifog\u00e1solt \u00fcgyletekt\u0151l.<\/em><\/p>\n<p>Term\u00e9szetesen az \u00fcgyet \u00e9rt\u00e9kelte Szab\u00f3 Mih\u00e1ly \u00f6nkorm\u00e1nyzati k\u00e9pvisel\u0151 is, a k\u00e9pvisel\u0151-test\u00fclet jobbikos tagja: <em>Mi m\u00e1r a v\u00e1laszt\u00e1sok el\u0151tt elmondtuk, hogy a v\u00e1roshoz tartoz\u00f3 c\u00e9gekn\u00e9l, konkr\u00e9tan az OSZ Zrt-n\u00e9l s\u00falyos gazd\u00e1lkod\u00e1si probl\u00e9m\u00e1k lehetnek. Az \u00e1tvil\u00e1g\u00edt\u00e1si vizsg\u00e1lat m\u00e9g nem z\u00e1rult le, de gyan\u00fank beigazol\u00f3dni l\u00e1tszik, \u00e9s az is, hogy mindk\u00e9t oldal \u00e9rintett lehet. (\u2026..) Rem\u00e9lj\u00fck, hogy ha n\u00e9h\u00e1ny ember b\u0171n\u00f6ss\u00e9ge bebizonyosodik, akkor felel\u0151ss\u00e9gre von\u00e1suk sem marad el. Egyr\u00e9szt b\u00fcntet\u0151jogilag, m\u00e1sr\u00e9szt a v\u00e1rosi k\u00f6z\u00fcgyekben se v\u00e1llalhassanak tov\u00e1bb szerepet azok, akik bes\u00e1roz\u00f3dtak.<\/em><\/p>\n<p>A most lez\u00e1rult rend\u0151ri nyomoz\u00e1s meg\u00e1llap\u00edtotta, a vizsg\u00e1lt gazdas\u00e1gi \u00fcgyletek kapcs\u00e1n vagyonkezel\u0151i k\u00f6teless\u00e9gszeg\u00e9s nem t\u00f6rt\u00e9nt, a gazd\u00e1lkod\u00e1s k\u00f6r\u00e9ben elfogadhat\u00f3 kock\u00e1zatv\u00e1llal\u00e1si magatart\u00e1st a vagyonkezel\u0151 nem l\u00e9pte t\u00fal, annak sz\u00e1nd\u00e9ka a kedvez\u0151bb vagyoni helyzet megteremt\u00e9s\u00e9re ir\u00e1nyult. A hat\u00e1rozat utalt tov\u00e1bb\u00e1 arra is, hogy a jelent\u00e9s felt\u00e1rta azt, miszerint az \u00f6nkorm\u00e1nyzati vagyon az \u00e1ltaluk vizsg\u00e1lt 12 \u00e9vben meg\u00f6tsz\u00f6r\u00f6z\u0151d\u00f6tt, \u00e9ves \u00e1tlagban k\u00f6zel f\u00e9l milli\u00e1rd forintos vagyongyarapod\u00e1s \u00e1llap\u00edthat\u00f3 meg. A beszerzett adatok alapj\u00e1n teh\u00e1t a feljelentett cselekm\u00e9nyek nem val\u00f3s\u00edtanak meg b\u0171ncselekm\u00e9nyt. A hat\u00e1rozat nem joger\u0151s, azzal szemben panasznak van helye.<\/p>\n<p>A zember \u00fagy gondoln\u00e1, ezzel befejezett az \u00fcgy, mindenki megnyugszik, a feljelent\u0151 eln\u00e9z\u00e9st k\u00e9r, s megy az \u00e9let tov\u00e1bb, de nem! Tak\u00e1cs K\u00e1roly \u00e9rdekesen nyilatkozott a lez\u00e1r\u00e1st illet\u0151en az MTI-nek: \u201e<em>Sajn\u00e1lattal vett\u00fck a (nem hivatalos) h\u00edrt, hogy az egy \u00e9vig tart\u00f3 vizsg\u00e1lat ut\u00e1n, minden \u00e1ltalunk gyan\u00edtott, vesztes\u00e9ggel j\u00e1r\u00f3 \u00fcgylet k\u00f6z\u00fcl egyet sem tal\u00e1lt rendellenesnek a nyomoz\u00f3 hat\u00f3s\u00e1g. Sz\u00e1munkra ezen \u00fcgyletek szakmai \u00e9s jogi kivizsg\u00e1l\u00e1sa, kivizsg\u00e1ltat\u00e1sa a v\u00e1laszt\u00f3inknak tett 2010. \u00e9vi \u00edg\u00e9ret volt, s annak alapos kivizsg\u00e1l\u00e1s\u00e1val meg is felelt\u00fcnk. Azzal azonban nek\u00fcnk is szembes\u00fcln\u00fcnk kell, hogy jelent\u0151s sz\u00e1m\u00fa, v\u00e1rosnak kiugr\u00f3an magas vesztes\u00e9get okoz\u00f3 gazdas\u00e1gi \u00fcgyletet m\u00e1r nem lehet sz\u00e1mon k\u00e9rni el\u00e9v\u00fcl\u00e9s hi\u00e1ny\u00e1ban t\u00f6bbek k\u00f6z\u00f6tt. Nem politikai boszork\u00e1ny\u00fcld\u00f6z\u00e9st tartottunk, hanem tiszt\u00e1zni akartuk a felel\u0151ss\u00e9g k\u00e9rd\u00e9s\u00e9t. A hivatalos \u00e9rtes\u00edt\u00e9s ut\u00e1n a Fidesz-KDNP vezet\u00e9se megfontolja a tov\u00e1bbi jogi l\u00e9p\u00e9seket. Mor\u00e1lisan \u00e9rezn\u00e9nk els\u0151sorban azt elfogadhatatlannak, ha minden esetre &#8222;spongy\u00e1t dobn\u00e1nak&#8221; jogi seg\u00edts\u00e9ggel.<\/em>&#8221;<\/p>\n<p>Na, na, lassan csak \u00f6sszej\u00f6n a megv\u00e1doltaknak a folytat\u00e1shoz sz\u00fcks\u00e9ges r\u00e1galmaz\u00e1s is???<\/p>\n<p><strong>A h\u00edrrel kapcsolatos tov\u00e1bbi forr\u00e1sok<\/strong><\/p>\n<ul>\n<li><a title=\"HVG.hu - Itthon\" href=\"http:\/\/hvg.hu\/itthon\/20120711_oroszlanyi_varosvezetok#utm_source=hirkereso&amp;utm_medium=listing&amp;utm_campaign=hirkereso_2012_7_11\" target=\"_blank\">HVG<\/a>.hu &#8211; Itthon<\/li>\n<li><a title=\"Magyar Online\" href=\"http:\/\/www.mon.hu\/megszuntettek-a-nyomozast-a-volt-oroszlanyi-varosvezetok-ellen\/2028564?utm_source=feedburner&amp;utm_medium=feed&amp;utm_campaign=Feed%3A+mon%2Forszagos+%28Magyar+Online+Orsz%C3%A1gos%29\" target=\"_blank\">Magyar Online<\/a><\/li>\n<li><a title=\"Ma.hu - Belf\u00f6ld\" href=\"http:\/\/belfold.ma.hu\/tart\/cikk\/a\/0\/137400\/1\/belfold\/Mar_nem_nyomoznak_a_volt_oroszlanyi_varosvezetok_ugyeben?place=srss\" target=\"_blank\">Ma<\/a>.hu &#8211; Belf\u00f6ld<\/li>\n<li><a title=\"Borsod Online\" href=\"http:\/\/www.boon.hu\/megszuntettek-a-nyomozast-a-volt-oroszlanyi-varosvezetok-ellen\/2028564?utm_source=feedburner&amp;utm_medium=feed&amp;utm_campaign=Feed%3A+boon%2Forszagos+%28Borsod+Online+Orszagos+H%C3%ADrek%29\" target=\"_blank\">Borsod Online<\/a><\/li>\n<li><a title=\"Index.hu - Belf\u00f6ld\" href=\"http:\/\/index.hu\/belfold\/2012\/07\/11\/megsem_kezeltek_hutlen_oroszlany_volt_szocialista_vezetoi\/\" target=\"_blank\">Index<\/a>.hu &#8211; Belf\u00f6ld<\/li>\n<li><a title=\"Metropol - Itthon\" href=\"http:\/\/www.metropol.hu\/itthon\/cikk\/911731\" target=\"_blank\">Metropol<\/a> &#8211; Itthon<\/li>\n<li><a title=\"Galamus Csoport\" href=\"http:\/\/galamus.hu\/index.php?option=com_content&amp;view=article&amp;id=149634:megszuentettek-a-nyomozast-a-volt-oroszlanyi-varosvezetk-ellen&amp;catid=76:hazai-vonatkozasu-hirek&amp;Itemid=113\" target=\"_blank\">Galamus<\/a> Csoport<\/li>\n<li><a title=\"Barik\u00e1d\" href=\"http:\/\/barikad.hu\/nem_nyomoznak_tovabb_az_oroszlanyi_szocik_uegyeben_sem-20120711\" target=\"_blank\">Barik\u00e1d<\/a><\/li>\n<li><a title=\"Napi Gazdas\u00e1g\" href=\"http:\/\/www.napi.hu\/magyar_gazdasag\/megszuntettek_a_nyomozast_a_volt_oroszlanyi_varosvezetok_ellen.525099.html\" target=\"_blank\">Napi Gazdas\u00e1g<\/a><\/li>\n<li><a title=\"NetRiport\" href=\"http:\/\/www.netriport.hu\/belfold\/cikk\/?id=1582343\" target=\"_blank\">NetRiport<\/a><\/li>\n<li><a title=\"STOP.hu\" href=\"http:\/\/www.stop.hu\/belfold\/nem-nyomoznak-tovabb-a-volt-oroszlanyi-varosvezetok-ellen\/1064240\/\" target=\"_blank\">STOP<\/a>.hu<\/li>\n<\/ul>\n<p>A kor\u00e1bbi MSZP sajt\u00f3t\u00e1j\u00e9koztat\u00f3 teljes anyaga <a title=\"Sajt\u00f3t\u00e1j\u00e9koztat\u00f3 teljes anyaga\" href=\"\/wp-docs\/SajtoAtvilagitas.pdf\" target=\"_blank\">itt olvashat\u00f3<\/a>!<br \/>\nA helyi telev\u00edzi\u00f3 k\u00e9pes anyaga <a title=\"Oritel k\u00e9pes el\u0151zetese\" href=\"http:\/\/oritel.hu\/index.php?nid=1789\" target=\"_blank\">itt l\u00e1that\u00f3<\/a>!<\/p>\n","protected":false},"excerpt":{"rendered":"<p>Egy\u00e9vnyi nyomoz\u00f3munka, sz\u00e1mtalan tan\u00fa \u00e9s szak\u00e9rt\u0151 meghallgat\u00e1sa, sz\u00e9lesk\u00f6r\u0171 bizony\u00edt\u00e1si elj\u00e1r\u00e1s ut\u00e1n a rend\u0151rs\u00e9g megsz\u00fcntette a nyomoz\u00e1st a k\u00fcl\u00f6n\u00f6sen nagy vagyoni h\u00e1tr\u00e1nyt okoz\u00f3 h\u0171tlen kezel\u00e9s b\u0171ntette miatt, ami Tak\u00e1cs K\u00e1roly Oroszl\u00e1ny V\u00e1ros Polg\u00e1rmester\u00e9nek feljelent\u00e9se nyom\u00e1n indult, \u00e9s a Kom\u00e1rom-Esztergom Megyei Rend\u0151r-f\u0151kapit\u00e1nys\u00e1g B\u0171n\u00fcgyi Oszt\u00e1lya folytatott le. A megsz\u00fcntet\u0151 hat\u00e1rozat indokol\u00e1sa szerint nem t\u00f6rt\u00e9nt b\u0171ncselekm\u00e9ny \u2013 tette k\u00f6zz\u00e9 ma az MTI. <a href=\"https:\/\/www.mszporoszlany.hu\/?p=978\">Egy kattint\u00e1s ide a folytat\u00e1shoz&#8230;. <span class=\"meta-nav\">&rarr;<\/span><\/a><\/p>\n","protected":false},"author":35,"featured_media":0,"comment_status":"open","ping_status":"closed","sticky":false,"template":"","format":"standard","meta":{"footnotes":""},"categories":[58,194],"tags":[496,93,60,151,65,497,1763,240,131,56,69,108,61,9,43],"class_list":["post-978","post","type-post","status-publish","format-standard","hentry","category-mszp","category-oroszlany","tag-american-appraisal","tag-czunyine-dr-bertalan-judit","tag-fidesz","tag-fidesz-kdnp","tag-lazok-zoltan","tag-megyei-fougyeszseg","tag-mszp","tag-mti","tag-oroszlanyi-szolgaltato-zrt","tag-papp-peter","tag-rajnai-gabor","tag-szabo-mihaly","tag-szekely-antal","tag-takacs-karoly","tag-vasvari-erika"],"_links":{"self":[{"href":"https:\/\/www.mszporoszlany.hu\/index.php?rest_route=\/wp\/v2\/posts\/978","targetHints":{"allow":["GET"]}}],"collection":[{"href":"https:\/\/www.mszporoszlany.hu\/index.php?rest_route=\/wp\/v2\/posts"}],"about":[{"href":"https:\/\/www.mszporoszlany.hu\/index.php?rest_route=\/wp\/v2\/types\/post"}],"author":[{"embeddable":true,"href":"https:\/\/www.mszporoszlany.hu\/index.php?rest_route=\/wp\/v2\/users\/35"}],"replies":[{"embeddable":true,"href":"https:\/\/www.mszporoszlany.hu\/index.php?rest_route=%2Fwp%2Fv2%2Fcomments&post=978"}],"version-history":[{"count":0,"href":"https:\/\/www.mszporoszlany.hu\/index.php?rest_route=\/wp\/v2\/posts\/978\/revisions"}],"wp:attachment":[{"href":"https:\/\/www.mszporoszlany.hu\/index.php?rest_route=%2Fwp%2Fv2%2Fmedia&parent=978"}],"wp:term":[{"taxonomy":"category","embeddable":true,"href":"https:\/\/www.mszporoszlany.hu\/index.php?rest_route=%2Fwp%2Fv2%2Fcategories&post=978"},{"taxonomy":"post_tag","embeddable":true,"href":"https:\/\/www.mszporoszlany.hu\/index.php?rest_route=%2Fwp%2Fv2%2Ftags&post=978"}],"curies":[{"name":"wp","href":"https:\/\/api.w.org\/{rel}","templated":true}]}}