{"id":99,"date":"2011-07-21T10:40:15","date_gmt":"2011-07-21T09:40:15","guid":{"rendered":"http:\/\/www.mszporoszlany.hu\/?p=99"},"modified":"2012-07-18T11:56:52","modified_gmt":"2012-07-18T10:56:52","slug":"cafolja-a-vadakat-oroszlany-elozo-varosvezetese","status":"publish","type":"post","link":"https:\/\/www.mszporoszlany.hu\/?p=99","title":{"rendered":"C\u00e1folja a v\u00e1dakat Oroszl\u00e1ny el\u0151z\u0151 v\u00e1rosvezet\u00e9se"},"content":{"rendered":"<p><img loading=\"lazy\" decoding=\"async\" class=\"alignleft size-full wp-image-123\" title=\"feljelent2\" src=\"https:\/\/www.mszporoszlany.hu\/wp-content\/uploads\/2012\/03\/feljelent2.jpg\" alt=\"\" width=\"200\" height=\"120\" \/>Oroszl\u00e1nyban az a sz\u00e1z\u00f6tven oldalas k\u00f6nyvvizsg\u00e1l\u00f3i jelent\u00e9s volt a cs\u00fct\u00f6rt\u00f6k d\u00e9lel\u0151tti sajt\u00f3t\u00e1j\u00e9koztat\u00f3 t\u00e9m\u00e1ja, melynek meg\u00e1llap\u00edt\u00e1saira alapozva f\u00e9lmilli\u00e1rd forintos h\u0171tlen kezel\u00e9s gyan\u00faj\u00e1val folyik elj\u00e1r\u00e1s ismeretlen tettes ellen, b\u00e1r a fideszes t\u00f6bbs\u00e9g\u0171 \u00f6nkorm\u00e1nyzat sajt\u00f3anyagaiban a volt szocialista v\u00e1rosvezet\u00e9s van neves\u00edtve.<\/p>\n<p><!--more--><\/p>\n<p>Ha ezt a jelent\u00e9st egy Fidesz ir\u00e1ny\u00edtotta telep\u00fcl\u00e9sr\u0151l \u00edrt\u00e1k volna, akkor most sikersztorik\u00e9nt lobogtatn\u00e1k a meg\u00e1llap\u00edt\u00e1sokat \u2013 \u00f6sszegezte v\u00e9lem\u00e9ny\u00e9t Sz\u00e9kely Antal (MSZP), Oroszl\u00e1ny volt alpolg\u00e1rmestere, az MSZP helyi eln\u00f6ke, aki hozz\u00e1tette: nem m\u00e1sr\u00f3l sz\u00f3l ez a t\u00f6rt\u00e9net, mint a baloldal ellehetetlen\u00edt\u00e9s\u00e9r\u0151l, s\u0151t, erk\u00f6lcsi megsemmis\u00edt\u00e9s\u00e9r\u0151l, mint teszik ezt a fideszes v\u00e1rospolitikusok Miskolcon, vagy Kom\u00e1romban is.<\/p>\n<p>Laz\u00f3k Zolt\u00e1n a telep\u00fcl\u00e9s Szolg\u00e1ltat\u00f3 Zrt-j\u00e9nek lev\u00e1ltott vezet\u0151je t\u00e9telesen c\u00e1folta a k\u00f6nyvvizsg\u00e1l\u00f3i jelent\u00e9s f\u0151bb meg\u00e1llap\u00edt\u00e1sait. Mint elmondta: sajnos, szinte minden pontn\u00e1l az l\u00e1tszik, hogy a megb\u00edz\u00f3k, vagy nem adtak \u00e1t minden inform\u00e1ci\u00f3t a vizsg\u00e1l\u00f3knak, vagy azok azt nem \u00e9rtett\u00e9k meg, vagy nem k\u00e9rdeztek meg hozz\u00e1\u00e9rt\u0151t.<\/p>\n<p>Egyik p\u00e9ldak\u00e9nt a jelent\u00e9s legnagyobb t\u00e9tel\u00e9t, a k\u00f6z\u00f6ss\u00e9gi k\u00e1belrendszer nem piaci \u00e1ron t\u00f6rt\u00e9n\u0151 \u00e9rt\u00e9kes\u00edt\u00e9s\u00e9t eml\u00edtette, ami ak\u00e1r 180 milli\u00f3 Ft-os h\u00e1tr\u00e1nyt is okozhatott Oroszl\u00e1nynak, de ez a rendszer, soha nem is volt a v\u00e1ros tulajdon\u00e1ban, hanem a lak\u00e1ssz\u00f6vetkezet \u00e9s a t\u00e1rsash\u00e1zi lak\u00f3k\u00f6z\u00f6ss\u00e9gek birtokolt\u00e1k, valamint nagyon komoly h\u00e1l\u00f3zat b\u0151v\u00edt\u00e9st v\u00e9gzett maga a telev\u00edzi\u00f3s szolg\u00e1ltat\u00f3 \u2013 mondta a volt vez\u00e9rigazgat\u00f3.<\/p>\n<p>Rajnai G\u00e1bor (MSZP), aki 2002-2010. k\u00f6z\u00f6tt volt a b\u00e1ny\u00e1szv\u00e1ros polg\u00e1rmestere az uszodafel\u00faj\u00edt\u00e1s menet\u00e9t ismertette, aminek r\u00e9sze volt egy l\u00edzing konstrukci\u00f3 is. A jelent\u00e9s azt \u00e1llap\u00edtotta meg ez \u00fcgyben, hogy 123 milli\u00f3s k\u00e1r \u00e9rte az \u00f6nkorm\u00e1nyzatot. Ezzel szemben Rajnai G\u00e1bor szerint ez az \u00f6sszeg az \u00fcgylet \u00c1FA-ja, \u00e9s a v\u00e1ros nem vesz\u00edtett ezen az \u00fcgy\u00f6n, hanem a l\u00edzingb\u0151l val\u00f3 kisz\u00e1ll\u00e1s 320 milli\u00f3 forintos el\u0151nyt jelentett.<\/p>\n<p>A sajt\u00f3t\u00e1j\u00e9koztat\u00f3n sz\u00f3ba ker\u00fclt az a meg\u00e1llap\u00edt\u00e1s is, hogy a vizsg\u00e1lt id\u0151szakban a v\u00e1ros eszk\u00f6z\u00e1llom\u00e1nya jelent\u0151sen n\u0151tt: 2,1 milli\u00e1rd Ft-r\u00f3l 10,4 milli\u00e1rd Ft-ra. A sz\u00e1madatokb\u00f3l egy\u00e9rtelm\u0171en meg\u00e1llap\u00edthat\u00f3, hogy az \u00d6nkorm\u00e1nyzat vagyongyarapod\u00e1sa nagyon jelent\u0151s volt, \u00e9ves \u00e1tlagban megk\u00f6zel\u00edtette a 0,5 milli\u00e1rd forintot.<\/p>\n<p>H\u0171tlen kezel\u00e9s gyan\u00faj\u00e1val rendelt el nyomoz\u00e1st a megyei f\u0151\u00fcgy\u00e9szs\u00e9g Oroszl\u00e1ny elm\u00falt 12 \u00e9vi gazd\u00e1lkod\u00e1s\u00e1val kapcsolatban, miut\u00e1n Tak\u00e1cs K\u00e1roly (Fidesz) polg\u00e1rmester t\u00f6bb kor\u00e1bbi \u00fcgyben is feljelent\u00e9st tett. Egy f\u00fcggetlen k\u00f6nyvvizsg\u00e1l\u00f3 c\u00e9g \u00f6sszegezte a polg\u00e1rmesteri hivatal \u00e9s az Oroszl\u00e1nyi Szolg\u00e1ltat\u00f3 (OSZ) Zrt. elm\u00falt tizenk\u00e9t \u00e9v\u00e9nek vagyongazd\u00e1lkod\u00e1s\u00e1t. A jelent\u00e9s szerint becs\u00fclhet\u0151en legal\u00e1bb f\u00e9lmilli\u00e1rd forintos vesztes\u00e9g \u00e9rte a v\u00e1rost t\u00f6bbek k\u00f6z\u00f6tt egy uszoda fel\u00faj\u00edt\u00e1sa, egy lak\u00f3park \u00e9p\u00edt\u00e9se \u00e9s a kommunik\u00e1ci\u00f3s k\u00e1belrendszer \u00e9rt\u00e9kes\u00edt\u00e9se sor\u00e1n.<\/p>\n","protected":false},"excerpt":{"rendered":"<p>Oroszl\u00e1nyban az a sz\u00e1z\u00f6tven oldalas k\u00f6nyvvizsg\u00e1l\u00f3i jelent\u00e9s volt a cs\u00fct\u00f6rt\u00f6k d\u00e9lel\u0151tti sajt\u00f3t\u00e1j\u00e9koztat\u00f3 t\u00e9m\u00e1ja, melynek meg\u00e1llap\u00edt\u00e1saira alapozva f\u00e9lmilli\u00e1rd forintos h\u0171tlen kezel\u00e9s gyan\u00faj\u00e1val folyik elj\u00e1r\u00e1s ismeretlen tettes ellen, b\u00e1r a fideszes t\u00f6bbs\u00e9g\u0171 \u00f6nkorm\u00e1nyzat sajt\u00f3anyagaiban a volt szocialista v\u00e1rosvezet\u00e9s van neves\u00edtve.<\/p>\n","protected":false},"author":35,"featured_media":0,"comment_status":"open","ping_status":"closed","sticky":false,"template":"","format":"standard","meta":{"footnotes":""},"categories":[58,194],"tags":[64,67,62,60,77,75,72,68,59,76,65,1763,73,70,69,61,63,66,9,74,71],"class_list":["post-99","post","type-post","status-publish","format-standard","hentry","category-mszp","category-oroszlany","tag-baloldali","tag-cafol","tag-elnok","tag-fidesz","tag-fuggetlen","tag-gazdalkodas","tag-gyarapodas","tag-hatrany","tag-hutlen-kezeles","tag-konyvvizsgalo","tag-lazok-zoltan","tag-mszp","tag-nyomozas","tag-polgarmester","tag-rajnai-gabor","tag-szekely-antal","tag-szocialista","tag-szolgaltato-zrt","tag-takacs-karoly","tag-ugyeszseg","tag-vagyon"],"_links":{"self":[{"href":"https:\/\/www.mszporoszlany.hu\/index.php?rest_route=\/wp\/v2\/posts\/99","targetHints":{"allow":["GET"]}}],"collection":[{"href":"https:\/\/www.mszporoszlany.hu\/index.php?rest_route=\/wp\/v2\/posts"}],"about":[{"href":"https:\/\/www.mszporoszlany.hu\/index.php?rest_route=\/wp\/v2\/types\/post"}],"author":[{"embeddable":true,"href":"https:\/\/www.mszporoszlany.hu\/index.php?rest_route=\/wp\/v2\/users\/35"}],"replies":[{"embeddable":true,"href":"https:\/\/www.mszporoszlany.hu\/index.php?rest_route=%2Fwp%2Fv2%2Fcomments&post=99"}],"version-history":[{"count":0,"href":"https:\/\/www.mszporoszlany.hu\/index.php?rest_route=\/wp\/v2\/posts\/99\/revisions"}],"wp:attachment":[{"href":"https:\/\/www.mszporoszlany.hu\/index.php?rest_route=%2Fwp%2Fv2%2Fmedia&parent=99"}],"wp:term":[{"taxonomy":"category","embeddable":true,"href":"https:\/\/www.mszporoszlany.hu\/index.php?rest_route=%2Fwp%2Fv2%2Fcategories&post=99"},{"taxonomy":"post_tag","embeddable":true,"href":"https:\/\/www.mszporoszlany.hu\/index.php?rest_route=%2Fwp%2Fv2%2Ftags&post=99"}],"curies":[{"name":"wp","href":"https:\/\/api.w.org\/{rel}","templated":true}]}}