{"id":1420,"count":2,"description":"","link":"https:\/\/www.mszporoszlany.hu\/?tag=oroszlanyi-banyasz-koncert-fesztival-fuvos-zenekar","name":"Oroszl\u00e1nyi B\u00e1ny\u00e1sz Koncert Fesztiv\u00e1l F\u00fav\u00f3s Zenekar","slug":"oroszlanyi-banyasz-koncert-fesztival-fuvos-zenekar","taxonomy":"post_tag","meta":[],"_links":{"self":[{"href":"https:\/\/www.mszporoszlany.hu\/index.php?rest_route=\/wp\/v2\/tags\/1420","targetHints":{"allow":["GET"]}}],"collection":[{"href":"https:\/\/www.mszporoszlany.hu\/index.php?rest_route=\/wp\/v2\/tags"}],"about":[{"href":"https:\/\/www.mszporoszlany.hu\/index.php?rest_route=\/wp\/v2\/taxonomies\/post_tag"}],"wp:post_type":[{"href":"https:\/\/www.mszporoszlany.hu\/index.php?rest_route=%2Fwp%2Fv2%2Fposts&tags=1420"}],"curies":[{"name":"wp","href":"https:\/\/api.w.org\/{rel}","templated":true}]}}