{"id":333,"count":1,"description":"","link":"https:\/\/www.mszporoszlany.hu\/?tag=szen-es-aceltermelo-orszagok","name":"sz\u00e9n- \u00e9s ac\u00e9ltermel\u0151 orsz\u00e1gok","slug":"szen-es-aceltermelo-orszagok","taxonomy":"post_tag","meta":[],"_links":{"self":[{"href":"https:\/\/www.mszporoszlany.hu\/index.php?rest_route=\/wp\/v2\/tags\/333","targetHints":{"allow":["GET"]}}],"collection":[{"href":"https:\/\/www.mszporoszlany.hu\/index.php?rest_route=\/wp\/v2\/tags"}],"about":[{"href":"https:\/\/www.mszporoszlany.hu\/index.php?rest_route=\/wp\/v2\/taxonomies\/post_tag"}],"wp:post_type":[{"href":"https:\/\/www.mszporoszlany.hu\/index.php?rest_route=%2Fwp%2Fv2%2Fposts&tags=333"}],"curies":[{"name":"wp","href":"https:\/\/api.w.org\/{rel}","templated":true}]}}